{"id":44484,"date":"2025-07-25T13:35:01","date_gmt":"2025-07-25T10:35:01","guid":{"rendered":"https:\/\/www.egemtv.com\/?p=44484"},"modified":"2025-07-25T13:35:02","modified_gmt":"2025-07-25T10:35:02","slug":"yunusemre-belediyesinin-gelinlik-magazasi-hizmeti-suruyor","status":"publish","type":"post","link":"https:\/\/www.egemtv.com\/?p=44484","title":{"rendered":"Yunusemre Belediyesinin gelinlik ma\u011fazas\u0131 hizmeti s\u00fcr\u00fcyor"},"content":{"rendered":"<p>Yunusemre Belediyesi, evlilik haz\u0131rl\u0131\u011f\u0131 yapan \u00e7iftlere destek olmak amac\u0131yla gelinlik kiralama hizmetini s\u00fcrd\u00fcrmeye devam ediyor. Uygun fiyatlarla sunulan gelinlikler, vatanda\u015flar\u0131n be\u011fenisine sunuluyor.<br \/>\n<br \/>Evlilik b\u00fct\u00e7esini d\u00fc\u015f\u00fcnen \u00e7iftlere ekonomik \u00e7\u00f6z\u00fcmler sunmak isteyen Yunusemre Belediyesi, bu kapsamda Ferdi Zeyrek Millet \u00c7ar\u015f\u0131s\u0131\u2019n\u0131n 1. kat\u0131nda hizmet veren gelinlik ma\u011fazas\u0131yla vatanda\u015flara destek oluyor. \u00c7al\u0131\u015fmaya ili\u015fkin bilgi veren Yunusemre Belediye Ba\u015fkan\u0131 Semih Balaban konuya ili\u015fkin yapt\u0131\u011f\u0131 a\u00e7\u0131klamada, &#8220;Malum, \u00fclkemizin ekonomik \u015fartlar\u0131 nedeniyle evlenmek ve yuva kurmak olduk\u00e7a maliyetli hale geldi. Biz de gen\u00e7 \u00e7iftlerimize katk\u0131 sa\u011flamak amac\u0131yla sadece 1.500 TL gibi uygun bir fiyata gelinlik kiralama hizmeti sunuyoruz. Vatanda\u015flar\u0131m\u0131z\u0131n bu hizmete yo\u011fun ilgisi bizleri memnun ediyor. Bu imk\u00e2ndan yararlanmak isteyen t\u00fcm vatanda\u015flar\u0131m\u0131z\u0131 Ferdi Zeyrek Millet \u00c7ar\u015f\u0131s\u0131\u2019na bekliyoruz. \u0130l\u00e7emizde ya\u015fayan \u00e7iftlerimizin mutlu g\u00fcnlerine katk\u0131da bulunmak ve onlar\u0131 maddi a\u00e7\u0131dan rahatlatmak en b\u00fcy\u00fck hedefimiz,&#8221; dedi.<br \/><\/p>\n","protected":false},"excerpt":{"rendered":"<p>Yunusemre Belediyesi, evlilik haz\u0131rl\u0131\u011f\u0131 yapan \u00e7iftlere destek olmak amac\u0131yla gelinlik kiralama hizmetini s\u00fcrd\u00fcrmeye devam ediyor. Uygun fiyatlarla sunulan gelinlikler, vatanda\u015flar\u0131n be\u011fenisine sunuluyor. Evlilik b\u00fct\u00e7esini d\u00fc\u015f\u00fcnen \u00e7iftlere ekonomik \u00e7\u00f6z\u00fcmler sunmak isteyen Yunusemre Belediyesi, bu kapsamda Ferdi Zeyrek Millet \u00c7ar\u015f\u0131s\u0131\u2019n\u0131n 1. kat\u0131nda hizmet veren gelinlik ma\u011fazas\u0131yla vatanda\u015flara destek oluyor. \u00c7al\u0131\u015fmaya ili\u015fkin bilgi veren Yunusemre Belediye Ba\u015fkan\u0131 Semih&#8230;<\/p>\n","protected":false},"author":1,"featured_media":44485,"comment_status":"open","ping_status":"open","sticky":false,"template":"","format":"standard","meta":{"_crdt_document":"","footnotes":""},"categories":[123],"tags":[],"class_list":["post-44484","post","type-post","status-publish","format-standard","has-post-thumbnail","hentry","category-gundem"],"_links":{"self":[{"href":"https:\/\/www.egemtv.com\/index.php?rest_route=\/wp\/v2\/posts\/44484","targetHints":{"allow":["GET"]}}],"collection":[{"href":"https:\/\/www.egemtv.com\/index.php?rest_route=\/wp\/v2\/posts"}],"about":[{"href":"https:\/\/www.egemtv.com\/index.php?rest_route=\/wp\/v2\/types\/post"}],"author":[{"embeddable":true,"href":"https:\/\/www.egemtv.com\/index.php?rest_route=\/wp\/v2\/users\/1"}],"replies":[{"embeddable":true,"href":"https:\/\/www.egemtv.com\/index.php?rest_route=%2Fwp%2Fv2%2Fcomments&post=44484"}],"version-history":[{"count":1,"href":"https:\/\/www.egemtv.com\/index.php?rest_route=\/wp\/v2\/posts\/44484\/revisions"}],"predecessor-version":[{"id":44486,"href":"https:\/\/www.egemtv.com\/index.php?rest_route=\/wp\/v2\/posts\/44484\/revisions\/44486"}],"wp:featuredmedia":[{"embeddable":true,"href":"https:\/\/www.egemtv.com\/index.php?rest_route=\/wp\/v2\/media\/44485"}],"wp:attachment":[{"href":"https:\/\/www.egemtv.com\/index.php?rest_route=%2Fwp%2Fv2%2Fmedia&parent=44484"}],"wp:term":[{"taxonomy":"category","embeddable":true,"href":"https:\/\/www.egemtv.com\/index.php?rest_route=%2Fwp%2Fv2%2Fcategories&post=44484"},{"taxonomy":"post_tag","embeddable":true,"href":"https:\/\/www.egemtv.com\/index.php?rest_route=%2Fwp%2Fv2%2Ftags&post=44484"}],"curies":[{"name":"wp","href":"https:\/\/api.w.org\/{rel}","templated":true}]}}