{"id":44481,"date":"2025-07-25T13:14:40","date_gmt":"2025-07-25T10:14:40","guid":{"rendered":"https:\/\/www.egemtv.com\/?p=44481"},"modified":"2025-07-25T13:14:41","modified_gmt":"2025-07-25T10:14:41","slug":"baskan-akin-ve-baskan-dutluludan-is-birligi-vurgusu","status":"publish","type":"post","link":"https:\/\/www.egemtv.com\/?p=44481","title":{"rendered":"Ba\u015fkan Ak\u0131n ve Ba\u015fkan Dutlulu\u2019dan i\u015f birli\u011fi vurgusu"},"content":{"rendered":"<p>Turgutlu Belediye Ba\u015fkan\u0131 \u00c7etin Ak\u0131n, Manisa B\u00fcy\u00fck\u015fehir Belediye Ba\u015fkan\u0131 Besim Dutlulu ile kent \u00e7\u0131karmas\u0131 yapt\u0131. Sabah\u0131n erken saatlerinde ba\u015flayan ziyaret program\u0131 g\u00fcn boyunca devam etti.<br \/>\n<br \/>Turgutlu Belediye Ba\u015fkan\u0131 \u00c7etin Ak\u0131n, bir dizi ziyaret ve inceleme program\u0131 kapsam\u0131nda Manisa B\u00fcy\u00fck\u015fehir Belediye Ba\u015fkan\u0131 Besim Dutlulu\u2019yu a\u011f\u0131rlad\u0131. \u0130lk olarak belediye ziyaretiyle ba\u015flayan programda, Turgutlu\u2019da yap\u0131lacak proje ve hizmetlere dair fikir al\u0131\u015f veri\u015finde bulunuldu.<\/p>\n<p>Muhtarlar ve esnaf odas\u0131 ba\u015fkanlar\u0131yla bir araya gelindi<br \/>\n<br \/>Ba\u015fkan \u00c7etin Ak\u0131n ve B\u00fcy\u00fck\u015fehir Belediye Ba\u015fkan\u0131 Besim Dutlulu ard\u0131ndan mahalle muhtarlar\u0131yla Orta Park\u2019ta d\u00fczenlenen kahvalt\u0131 program\u0131nda bulu\u015ftu. Muhtarlar\u0131n taleplerini dikkatle dinleyen iki ba\u015fkan, gerekli ad\u0131mlar\u0131n ve \u00e7al\u0131\u015fmalar\u0131n yap\u0131laca\u011f\u0131na dair bilgileri de payla\u015ft\u0131lar. Muhtarlarla yap\u0131lan g\u00f6r\u00fc\u015fmede hem Ba\u015fkan Ak\u0131n hem de B\u00fcy\u00fck\u015fehir Ba\u015fkan\u0131 Dutlulu, halkla i\u00e7 i\u00e7e y\u00f6netim anlay\u0131\u015f\u0131ndan taviz verilmeden, her il\u00e7eye ve her mahalleye e\u015fit hizmet ula\u015ft\u0131r\u0131lmaya devam edilece\u011fini ifade ederek muhtarlarla yap\u0131lan i\u015f ve g\u00fc\u00e7 birli\u011finden dolay\u0131 duyduklar\u0131 memnuniyetleri de dile getirdiler.<br \/>\n<br \/>Ba\u015fkan Ak\u0131n ve B\u00fcy\u00fck\u015fehir Belediye Ba\u015fkan\u0131 Dutlulu\u2019nun bir sonraki dura\u011f\u0131 Turgutlu Esnaf ve Sanatkarlar Odalar\u0131 oldu. Oda ba\u015fkanlar\u0131yla yap\u0131lan g\u00f6r\u00fc\u015fmede esnaf\u0131n ya\u015fad\u0131klar\u0131 zorluklar, ekonomik krizin etkilerinin yan\u0131 s\u0131ra kent ve \u00fclke g\u00fcndemine dair de\u011ferlendirmeler yap\u0131ld\u0131. Ba\u015fkan \u00c7etin Ak\u0131n oda ba\u015fkanlar\u0131na ithafen yapt\u0131\u011f\u0131 konu\u015fmada, ge\u00e7ti\u011fimiz 5 y\u0131lda oldu\u011fu gibi bundan sonraki s\u00fcre\u00e7te de \u015feffafl\u0131k, kat\u0131l\u0131mc\u0131l\u0131k ve hesap verebilirlik misyonuyla omuz omuza \u00e7al\u0131\u015fmaya devam edeceklerini s\u00f6yledi.<\/p>\n<p>Turgutlu\u2019nun yeni spor ve k\u00fclt\u00fcr merkezlerinde incelemeler yap\u0131ld\u0131<br \/>\n<br \/>G\u00fcn boyu s\u00fcren ziyaret program\u0131nda Turgutlu Belediyesinin kendi imkanlar\u0131yla kente kazand\u0131raca\u011f\u0131 Turgutlu Belediyesi Mimar Ferdi Zeyrek Spor Kompleksi ile Ekrem G\u00fcrel K\u00fclt\u00fcr Merkezi projelerinin devam eden \u00e7al\u0131\u015fmalar\u0131 incelendi. S\u00f6z konusu iki proje hakk\u0131nda B\u00fcy\u00fck\u015fehir Belediye Ba\u015fkan\u0131 Besim Dutlulu\u2019ya bilgiler aktar\u0131ld\u0131. Bununla birlikte y\u0131llard\u0131r at\u0131l durumdaki Nurg\u00fcl Fidan Spor Kompleksiyle ilgili olarak g\u00f6r\u00fc\u015fme ve planlamalar da yap\u0131ld\u0131.<br \/>\n<br \/>Ba\u015fkan \u00c7etin Ak\u0131n ve B\u00fcy\u00fck\u015fehir Belediye Ba\u015fkan\u0131 Besim Dutlulu programlar\u0131na, Per\u015fembe Pazar\u0131 ve esnaf ziyaretiyle devam etti. G\u00fcn\u00fcn son ziyareti ise Cumhuriyet Halk Partisi Turgutlu \u0130l\u00e7e Ba\u015fkanl\u0131\u011f\u0131na oldu. CHP \u0130l\u00e7e Y\u00f6netimi ve partililerle bir araya gelinerek g\u00f6r\u00fc\u015f ve \u00f6neriler dinlendi, \u00fclke g\u00fcndemine dair de\u011ferlendirmelerde bulunuldu.<\/p>\n<p>&#8220;Turgutlu\u2019da \u00c7etin Ba\u015fkan\u2019a tam yetki verece\u011fiz&#8221;<br \/>\n<br \/>Turgutlu Belediye Ba\u015fkan\u0131 \u00c7etin Ak\u0131n\u2019\u0131n Turgutlu\u2019da g\u00fczel hizmet ve projeler ger\u00e7ekle\u015ftirdi\u011fini belirten Manisa B\u00fcy\u00fck\u015fehir Belediye Ba\u015fkan\u0131 Besim Dutlulu, &#8220;Turgutlu Belediye Ba\u015fkan\u0131m\u0131z \u00c7etin Ak\u0131n g\u00fczel ve somut i\u015fler yap\u0131yor. B\u00fcy\u00fck\u015fehir olarak bizler de \u0130n\u015fallah Turgutlu\u2019ya do\u011fru yat\u0131r\u0131mlar yapar\u0131z. B\u00fcy\u00fck\u015fehirde yat\u0131r\u0131m ve b\u00fct\u00e7e s\u0131n\u0131rs\u0131z de\u011fil. Bir il\u00e7enin belediye ba\u015fkan\u0131 o il\u00e7enin hem b\u00fcy\u00fck\u015fehir belediye ba\u015fkan\u0131 hem de il\u00e7e belediye ba\u015fkan\u0131d\u0131r. Yani t\u00fcm yetkiler \u00c7etin Ba\u015fkan\u2019da. Turgutlu\u2019yu \u00e7ok seven bir belediye ba\u015fkan\u0131m\u0131z var. Turgutlu\u2019da \u00c7etin Ba\u015fkan\u2019a tam yetki verece\u011fiz. B\u00fcy\u00fck\u015fehir belediyesi olarak ba\u015fkan\u0131m\u0131z o\u2019nun dedi\u011fini yerine getirmek i\u00e7in elimizden geleni yapaca\u011f\u0131z&#8221; dedi.<br \/>\n<br \/>Manisa B\u00fcy\u00fck\u015fehir Belediye Ba\u015fkan\u0131 Besim Dutlulu\u2019yu Turgutlu\u2019da a\u011f\u0131rlamaktan b\u00fcy\u00fck bir memnuniyet duydu\u011funu ifade eden Turgutlu Belediye Ba\u015fkan\u0131 \u00c7etin Ak\u0131n \u015funlar\u0131 s\u00f6yledi: &#8220;Elim bir kaza sonucu maalesef Ferdi Ba\u015fkan\u0131m\u0131z\u0131 kaybettik, ac\u0131s\u0131n\u0131 hala ya\u015f\u0131yoruz. Ferdi Ba\u015fkan\u0131n Manisa a\u015fk\u0131 ve il\u00e7eleriyle ilgili hayalleri vard\u0131. Besim Ba\u015fkan\u0131m\u0131zla, il\u00e7e belediye ba\u015fkanlar\u0131m\u0131zla bu hayalleri ger\u00e7ekle\u015ftirmek i\u00e7in b\u00fct\u00fcn gayreti ortaya koyaca\u011f\u0131z. Bu a\u015famada B\u00fcy\u00fck\u015fehir Belediye Ba\u015fkan\u0131m\u0131z Say\u0131n Besim Dutlulu\u2019nun y\u00fcklenmi\u015f oldu\u011fu bu g\u00f6revde kendisine ba\u015far\u0131lar diliyorum. Bizler de o\u2019na destek olmaya ve yard\u0131m etmeye devam edece\u011fiz. Turgutlu\u2019muza ger\u00e7ekle\u015ftirmi\u015f oldu\u011fu ziyaretten dolay\u0131 Ba\u015fkan\u0131m\u0131z Besim Dutlulu\u2019ya ayr\u0131ca te\u015fekk\u00fcr ediyorum.&#8221;<br \/><\/p>\n","protected":false},"excerpt":{"rendered":"<p>Turgutlu Belediye Ba\u015fkan\u0131 \u00c7etin Ak\u0131n, Manisa B\u00fcy\u00fck\u015fehir Belediye Ba\u015fkan\u0131 Besim Dutlulu ile kent \u00e7\u0131karmas\u0131 yapt\u0131. Sabah\u0131n erken saatlerinde ba\u015flayan ziyaret program\u0131 g\u00fcn boyunca devam etti. Turgutlu Belediye Ba\u015fkan\u0131 \u00c7etin Ak\u0131n, bir dizi ziyaret ve inceleme program\u0131 kapsam\u0131nda Manisa B\u00fcy\u00fck\u015fehir Belediye Ba\u015fkan\u0131 Besim Dutlulu\u2019yu a\u011f\u0131rlad\u0131. \u0130lk olarak belediye ziyaretiyle ba\u015flayan programda, Turgutlu\u2019da yap\u0131lacak proje ve hizmetlere&#8230;<\/p>\n","protected":false},"author":1,"featured_media":44482,"comment_status":"open","ping_status":"open","sticky":false,"template":"","format":"standard","meta":{"_crdt_document":"","footnotes":""},"categories":[1],"tags":[],"class_list":["post-44481","post","type-post","status-publish","format-standard","has-post-thumbnail","hentry","category-guncel"],"_links":{"self":[{"href":"https:\/\/www.egemtv.com\/index.php?rest_route=\/wp\/v2\/posts\/44481","targetHints":{"allow":["GET"]}}],"collection":[{"href":"https:\/\/www.egemtv.com\/index.php?rest_route=\/wp\/v2\/posts"}],"about":[{"href":"https:\/\/www.egemtv.com\/index.php?rest_route=\/wp\/v2\/types\/post"}],"author":[{"embeddable":true,"href":"https:\/\/www.egemtv.com\/index.php?rest_route=\/wp\/v2\/users\/1"}],"replies":[{"embeddable":true,"href":"https:\/\/www.egemtv.com\/index.php?rest_route=%2Fwp%2Fv2%2Fcomments&post=44481"}],"version-history":[{"count":1,"href":"https:\/\/www.egemtv.com\/index.php?rest_route=\/wp\/v2\/posts\/44481\/revisions"}],"predecessor-version":[{"id":44483,"href":"https:\/\/www.egemtv.com\/index.php?rest_route=\/wp\/v2\/posts\/44481\/revisions\/44483"}],"wp:featuredmedia":[{"embeddable":true,"href":"https:\/\/www.egemtv.com\/index.php?rest_route=\/wp\/v2\/media\/44482"}],"wp:attachment":[{"href":"https:\/\/www.egemtv.com\/index.php?rest_route=%2Fwp%2Fv2%2Fmedia&parent=44481"}],"wp:term":[{"taxonomy":"category","embeddable":true,"href":"https:\/\/www.egemtv.com\/index.php?rest_route=%2Fwp%2Fv2%2Fcategories&post=44481"},{"taxonomy":"post_tag","embeddable":true,"href":"https:\/\/www.egemtv.com\/index.php?rest_route=%2Fwp%2Fv2%2Ftags&post=44481"}],"curies":[{"name":"wp","href":"https:\/\/api.w.org\/{rel}","templated":true}]}}