{"id":44478,"date":"2025-07-25T12:55:33","date_gmt":"2025-07-25T09:55:33","guid":{"rendered":"https:\/\/www.egemtv.com\/?p=44478"},"modified":"2025-07-25T12:55:34","modified_gmt":"2025-07-25T09:55:34","slug":"manisa-basininin-sorunlari-masaya-yatirildi","status":"publish","type":"post","link":"https:\/\/www.egemtv.com\/?p=44478","title":{"rendered":"Manisa bas\u0131n\u0131n\u0131n sorunlar\u0131 masaya yat\u0131r\u0131ld\u0131"},"content":{"rendered":"<p>Manisa Gazeteciler Cemiyeti Ba\u015fkan\u0131 \u00d6nder Ayd\u0131n ile bir araya gelen 22. D\u00f6nem TBMM Ba\u015fkan\u0131 B\u00fclent Ar\u0131n\u00e7 ve AK Parti Manisa Milletvekili Ahmet M\u00fccahit Ar\u0131n\u00e7, yerel bas\u0131n\u0131n sorunlar\u0131 ve \u00e7\u00f6z\u00fcm \u00f6nerileri ile ilgili bilgi al\u0131\u015fveri\u015finde bulundu.<br \/>\n<br \/>24 Temmuz Gazeteciler ve Bas\u0131n Bayram\u0131 kapsam\u0131nda 22. D\u00f6nem T\u00fcrkiye B\u00fcy\u00fck Millet Meclisi Ba\u015fkan\u0131 B\u00fclent Ar\u0131n\u00e7 ile AK Parti Manisa Milletvekili Ahmet M\u00fccahit Ar\u0131n\u00e7, Manisa Gazeteciler Cemiyeti\u2019ne bir ziyaret ger\u00e7ekle\u015ftirdi. Manisa Gazeteciler Cemiyeti Ba\u015fkan\u0131 \u00d6nder Ayd\u0131n ve y\u00f6netim kurulu \u00fcyeleriyle bir araya gelen 22. D\u00f6nem TBMM Ba\u015fkan\u0131 B\u00fclent Ar\u0131n\u00e7 ve AK Parti Manisa Milletvekili Ahmet M\u00fccahit Ar\u0131n\u00e7 yerel bas\u0131n\u0131n ya\u015fad\u0131\u011f\u0131 sorunlara dair de\u011ferlendirmelerde bulundu. Ziyarette konu\u015fan Ahmet M\u00fccahit Ar\u0131n\u00e7, \u00f6zellikle Bas\u0131n \u0130lan Kurumu\u2019nun belirledi\u011fi kriterlerin hakkaniyet \u00e7er\u00e7evesinde yeniden de\u011ferlendirilmesi gerekti\u011fine dikkat \u00e7ekti. Ar\u0131n\u00e7, &#8220;\u0130nternet ve bas\u0131l\u0131 mecra ayr\u0131 kulvarlarda de\u011ferlendirilmelidir. Bas\u0131l\u0131 gazetelerin da\u011f\u0131t\u0131m\u0131nda ya\u015fanan sorunlar\u0131 da birlikte incelememiz gerekiyor&#8221; dedi.<br \/>\n<br \/>Yerel bas\u0131n\u0131n ya\u015fad\u0131\u011f\u0131 sorunlar\u0131 rapor halinde talep eden Ar\u0131n\u00e7, &#8220;Geri bildirimleriniz do\u011frultusunda Ankara\u2019da Bas\u0131n \u0130lan Kurumu Genel M\u00fcd\u00fcr\u00fc Cavit Bey\u2019den sizler ad\u0131na randevu alaca\u011f\u0131m. Amac\u0131m\u0131z yerel medyan\u0131n hak etti\u011fi deste\u011fi almas\u0131&#8221; ifadelerini kulland\u0131.<br \/>\n<br \/>Manisa\u2019n\u0131n Anadolu irfan\u0131n\u0131 ve siyasetini ya\u015fatan \u00f6nemli \u015fehirlerden biri oldu\u011funu belirten Ahmet M\u00fccahit Ar\u0131n\u00e7, &#8220;Yerel bas\u0131n\u0131m\u0131z takip ediliyor, analiz ediliyor. Ulusal g\u00fcndem d\u0131\u015f\u0131nda do\u011fru bilgiye ula\u015fmak i\u00e7in yerel medyay\u0131 izliyoruz. T\u0131pk\u0131 k\u00fc\u00e7\u00fck esnaf\u0131 korumak gibi, yerel bas\u0131n\u0131 da desteklemeliyiz&#8221; dedi.<br \/>\n<br \/>Ar\u0131n\u00e7, gazetelerin da\u011f\u0131t\u0131m\u0131nda ya\u015fanan sorunlara y\u00f6nelik alternatif bir \u00f6neride de bulundu. Bu s\u00fcre\u00e7te Manisa Gazeteciler Cemiyeti \u00fczerinden yeni bir da\u011f\u0131t\u0131m modeli olu\u015fturulabilece\u011fini s\u00f6yleyerek konunun isti\u015fareyle ele al\u0131nmas\u0131 gerekti\u011fini kaydetti.<br \/><\/p>\n","protected":false},"excerpt":{"rendered":"<p>Manisa Gazeteciler Cemiyeti Ba\u015fkan\u0131 \u00d6nder Ayd\u0131n ile bir araya gelen 22. D\u00f6nem TBMM Ba\u015fkan\u0131 B\u00fclent Ar\u0131n\u00e7 ve AK Parti Manisa Milletvekili Ahmet M\u00fccahit Ar\u0131n\u00e7, yerel bas\u0131n\u0131n sorunlar\u0131 ve \u00e7\u00f6z\u00fcm \u00f6nerileri ile ilgili bilgi al\u0131\u015fveri\u015finde bulundu. 24 Temmuz Gazeteciler ve Bas\u0131n Bayram\u0131 kapsam\u0131nda 22. D\u00f6nem T\u00fcrkiye B\u00fcy\u00fck Millet Meclisi Ba\u015fkan\u0131 B\u00fclent Ar\u0131n\u00e7 ile AK Parti Manisa&#8230;<\/p>\n","protected":false},"author":1,"featured_media":44479,"comment_status":"open","ping_status":"open","sticky":false,"template":"","format":"standard","meta":{"_crdt_document":"","footnotes":""},"categories":[1],"tags":[],"class_list":["post-44478","post","type-post","status-publish","format-standard","has-post-thumbnail","hentry","category-guncel"],"_links":{"self":[{"href":"https:\/\/www.egemtv.com\/index.php?rest_route=\/wp\/v2\/posts\/44478","targetHints":{"allow":["GET"]}}],"collection":[{"href":"https:\/\/www.egemtv.com\/index.php?rest_route=\/wp\/v2\/posts"}],"about":[{"href":"https:\/\/www.egemtv.com\/index.php?rest_route=\/wp\/v2\/types\/post"}],"author":[{"embeddable":true,"href":"https:\/\/www.egemtv.com\/index.php?rest_route=\/wp\/v2\/users\/1"}],"replies":[{"embeddable":true,"href":"https:\/\/www.egemtv.com\/index.php?rest_route=%2Fwp%2Fv2%2Fcomments&post=44478"}],"version-history":[{"count":1,"href":"https:\/\/www.egemtv.com\/index.php?rest_route=\/wp\/v2\/posts\/44478\/revisions"}],"predecessor-version":[{"id":44480,"href":"https:\/\/www.egemtv.com\/index.php?rest_route=\/wp\/v2\/posts\/44478\/revisions\/44480"}],"wp:featuredmedia":[{"embeddable":true,"href":"https:\/\/www.egemtv.com\/index.php?rest_route=\/wp\/v2\/media\/44479"}],"wp:attachment":[{"href":"https:\/\/www.egemtv.com\/index.php?rest_route=%2Fwp%2Fv2%2Fmedia&parent=44478"}],"wp:term":[{"taxonomy":"category","embeddable":true,"href":"https:\/\/www.egemtv.com\/index.php?rest_route=%2Fwp%2Fv2%2Fcategories&post=44478"},{"taxonomy":"post_tag","embeddable":true,"href":"https:\/\/www.egemtv.com\/index.php?rest_route=%2Fwp%2Fv2%2Ftags&post=44478"}],"curies":[{"name":"wp","href":"https:\/\/api.w.org\/{rel}","templated":true}]}}