{"id":44475,"date":"2025-07-25T12:55:33","date_gmt":"2025-07-25T09:55:33","guid":{"rendered":"https:\/\/www.egemtv.com\/?p=44475"},"modified":"2025-07-25T12:55:33","modified_gmt":"2025-07-25T09:55:33","slug":"karsiyaka-transfere-devam-ediyor","status":"publish","type":"post","link":"https:\/\/www.egemtv.com\/?p=44475","title":{"rendered":"Kar\u015f\u0131yaka transfere devam ediyor"},"content":{"rendered":"<p>Kar\u015f\u0131yaka, son olarak Menemen FK formas\u0131 giyen 25 ya\u015f\u0131ndaki futbolcu Erhan \u00d6zt\u00fcrk\u2019\u00fc kadrosuna katt\u0131.<br \/>\n<br \/>TFF 3. Lig 4. Grup\u2019ta yeni sezona iddial\u0131 bir giri\u015f yapmak isteyen Kar\u015f\u0131yaka, transfer \u00e7al\u0131\u015fmalar\u0131n\u0131 t\u00fcm h\u0131z\u0131yla s\u00fcrd\u00fcr\u00fcyor. D\u0131\u015f transferde Erol Z\u00f6ng\u00fcr, Alpay Ero\u011flu, Mehmet G\u00fcne\u015f, M\u00fccahit Arslan, Hamza K\u00fc\u00e7\u00fckk\u00f6yl\u00fc, Harun Kaya ve Tunay Meral ile anla\u015fan ye\u015fil-k\u0131rm\u0131z\u0131l\u0131lar, altyap\u0131dan yeti\u015fen Berat \u015eahin ve Selim Demirci ile de profesyonel s\u00f6zle\u015fme imzalad\u0131. Transfere ara vermeyen \u0130zmir ekibi, son olarak Menemen FK formas\u0131 giyen 25 ya\u015f\u0131ndaki futbolcu Erhan \u00d6zt\u00fcrk\u2019\u00fc kadrosuna katt\u0131\u011f\u0131n\u0131 duyurdu. Konuyla ilgili kul\u00fcpten yap\u0131lan a\u00e7\u0131klamada, &#8220;Kul\u00fcb\u00fcm\u00fcz, ge\u00e7ti\u011fimiz sezon Menemen FK formas\u0131 giyen 25 ya\u015f\u0131ndaki kanat oyuncusu Erhan \u00d6zt\u00fcrk ile anla\u015fmaya varm\u0131\u015ft\u0131r. Erhan \u00d6zt\u00fcrk\u2019e ho\u015f geldin diyor, ye\u015fil-k\u0131rm\u0131z\u0131 armam\u0131z alt\u0131nda ba\u015far\u0131larla dolu bir sezon diliyoruz&#8221; denildi.<br \/><\/p>\n","protected":false},"excerpt":{"rendered":"<p>Kar\u015f\u0131yaka, son olarak Menemen FK formas\u0131 giyen 25 ya\u015f\u0131ndaki futbolcu Erhan \u00d6zt\u00fcrk\u2019\u00fc kadrosuna katt\u0131. TFF 3. Lig 4. Grup\u2019ta yeni sezona iddial\u0131 bir giri\u015f yapmak isteyen Kar\u015f\u0131yaka, transfer \u00e7al\u0131\u015fmalar\u0131n\u0131 t\u00fcm h\u0131z\u0131yla s\u00fcrd\u00fcr\u00fcyor. D\u0131\u015f transferde Erol Z\u00f6ng\u00fcr, Alpay Ero\u011flu, Mehmet G\u00fcne\u015f, M\u00fccahit Arslan, Hamza K\u00fc\u00e7\u00fckk\u00f6yl\u00fc, Harun Kaya ve Tunay Meral ile anla\u015fan ye\u015fil-k\u0131rm\u0131z\u0131l\u0131lar, altyap\u0131dan yeti\u015fen Berat&#8230;<\/p>\n","protected":false},"author":1,"featured_media":44476,"comment_status":"open","ping_status":"open","sticky":false,"template":"","format":"standard","meta":{"_crdt_document":"","footnotes":""},"categories":[4],"tags":[],"class_list":["post-44475","post","type-post","status-publish","format-standard","has-post-thumbnail","hentry","category-spor"],"_links":{"self":[{"href":"https:\/\/www.egemtv.com\/index.php?rest_route=\/wp\/v2\/posts\/44475","targetHints":{"allow":["GET"]}}],"collection":[{"href":"https:\/\/www.egemtv.com\/index.php?rest_route=\/wp\/v2\/posts"}],"about":[{"href":"https:\/\/www.egemtv.com\/index.php?rest_route=\/wp\/v2\/types\/post"}],"author":[{"embeddable":true,"href":"https:\/\/www.egemtv.com\/index.php?rest_route=\/wp\/v2\/users\/1"}],"replies":[{"embeddable":true,"href":"https:\/\/www.egemtv.com\/index.php?rest_route=%2Fwp%2Fv2%2Fcomments&post=44475"}],"version-history":[{"count":1,"href":"https:\/\/www.egemtv.com\/index.php?rest_route=\/wp\/v2\/posts\/44475\/revisions"}],"predecessor-version":[{"id":44477,"href":"https:\/\/www.egemtv.com\/index.php?rest_route=\/wp\/v2\/posts\/44475\/revisions\/44477"}],"wp:featuredmedia":[{"embeddable":true,"href":"https:\/\/www.egemtv.com\/index.php?rest_route=\/wp\/v2\/media\/44476"}],"wp:attachment":[{"href":"https:\/\/www.egemtv.com\/index.php?rest_route=%2Fwp%2Fv2%2Fmedia&parent=44475"}],"wp:term":[{"taxonomy":"category","embeddable":true,"href":"https:\/\/www.egemtv.com\/index.php?rest_route=%2Fwp%2Fv2%2Fcategories&post=44475"},{"taxonomy":"post_tag","embeddable":true,"href":"https:\/\/www.egemtv.com\/index.php?rest_route=%2Fwp%2Fv2%2Ftags&post=44475"}],"curies":[{"name":"wp","href":"https:\/\/api.w.org\/{rel}","templated":true}]}}