{"id":44472,"date":"2025-07-25T12:14:49","date_gmt":"2025-07-25T09:14:49","guid":{"rendered":"https:\/\/www.egemtv.com\/?p=44472"},"modified":"2025-07-25T12:14:50","modified_gmt":"2025-07-25T09:14:50","slug":"incirliova-et-ve-sut-kurumu-magazasi-kapilarini-aciyor","status":"publish","type":"post","link":"https:\/\/www.egemtv.com\/?p=44472","title":{"rendered":"\u0130ncirliova Et ve S\u00fct Kurumu Ma\u011fazas\u0131 kap\u0131lar\u0131n\u0131 a\u00e7\u0131yor"},"content":{"rendered":"<p>Ayd\u0131n\u2019da ilk olma \u00f6zelli\u011fi ta\u015f\u0131yan Et ve S\u00fct Kurumu \u0130ncirliova Sat\u0131\u015f Ma\u011fazas\u0131 30 Temmuz \u00c7ar\u015famba g\u00fcn\u00fc \u0130ncirliova Hamam\u0131 yan\u0131nda saat 12.00\u2019de ger\u00e7ekle\u015fecek a\u00e7\u0131l\u0131\u015f t\u00f6reni ile kap\u0131lar\u0131n\u0131 a\u00e7acak. \u0130ncirliova Belediye Ba\u015fkan\u0131 Aytekin Kaya t\u00fcm vatanda\u015flar\u0131 a\u00e7\u0131l\u0131\u015f t\u00f6renine davet etti.<br \/>\n<br \/>\u0130ncirliova Belediyesi ile Et ve S\u00fct Kurumu Denizli Et Kombinas\u0131 aras\u0131nda \u015eubat ay\u0131nda d\u00fczenlenen protokol ile ilk ad\u0131m\u0131 at\u0131lan sat\u0131\u015f ma\u011fazas\u0131 yo\u011fun ge\u00e7en haz\u0131rl\u0131k d\u00f6neminin ard\u0131ndan 30 Temmuz g\u00fcn\u00fc hizmet vermeye ba\u015flayacak. Vatanda\u015flar\u0131n sa\u011fl\u0131kl\u0131 \u00fcr\u00fcnleri uygun fiyatlarla almas\u0131n\u0131 sa\u011flayacak ma\u011faza Ba\u015fkan Kaya\u2019n\u0131n il\u00e7eye kazand\u0131rd\u0131\u011f\u0131 b\u00fcy\u00fck hizmetler aras\u0131ndaki yerini alacak.<br \/>\n<br \/>Yo\u011fun kat\u0131l\u0131m olmas\u0131 beklenen a\u00e7\u0131l\u0131\u015fa ili\u015fkin a\u00e7\u0131klamalarda bulunan Ba\u015fkan Kaya, &#8220;Ayd\u0131n\u2019da ilk ve tek olacak Et ve S\u00fct Kurumu \u0130ncirliova Sat\u0131\u015f Ma\u011fazam\u0131z i\u00e7in haz\u0131rl\u0131klar\u0131m\u0131zda son a\u015famaya geldik. 30 Temmuz \u00c7ar\u015famba g\u00fcn\u00fc saat 12.00\u2019de ger\u00e7ekle\u015ftirece\u011fimiz a\u00e7\u0131l\u0131\u015f ile ma\u011fazam\u0131z hizmete girecek. T\u00fcrkiye\u2019de sadece 17 tane bulunan Et ve S\u00fct Kurumu Sat\u0131\u015f Ma\u011fazas\u0131\u2019n\u0131n 18.sini il\u00e7emize kazand\u0131r\u0131yoruz. Bu yat\u0131r\u0131m, yaln\u0131zca vatanda\u015flar\u0131m\u0131z\u0131n kaliteli ve uygun fiyatl\u0131 et ve s\u00fct \u00fcr\u00fcnlerine kolay eri\u015fimini sa\u011flamakla kalmayacak, ayn\u0131 zamanda il\u00e7emizin prestijine, sosyal ve ekonomik kalk\u0131nmas\u0131na da katk\u0131 sa\u011flayacakt\u0131r. T\u00fcm vatanda\u015flar\u0131m\u0131z\u0131 il\u00e7emiz i\u00e7in b\u00fcy\u00fck anlam ifade eden a\u00e7\u0131l\u0131\u015f\u0131m\u0131za davet ediyorum&#8221; dedi.<br \/>\n<br \/>Ba\u015fkan Kaya, a\u00e7\u0131klamas\u0131nda ge\u00e7ti\u011fimiz Nisan ay\u0131nda hayat\u0131n\u0131 kaybeden Et ve S\u00fct Kurumu Genel M\u00fcd\u00fcr\u00fc Mustafa Kayhan\u2019\u0131 da unutmad\u0131. Ba\u015fkan Kaya, &#8220;Ma\u011fazam\u0131z\u0131n a\u00e7\u0131l\u0131\u015f\u0131na haz\u0131rlan\u0131rken, bu de\u011ferli hizmetin il\u00e7emize kazand\u0131r\u0131lmas\u0131nda b\u00fcy\u00fck eme\u011fi bulunan \u00e7ok k\u0131ymetli bir b\u00fcrokrat\u0131 kaybetmenin \u00fcz\u00fcnt\u00fcs\u00fcn\u00fc de ya\u015fad\u0131k. Seferihisar\u2019da meydana gelen elim kazada hayat\u0131n\u0131 kaybeden Et ve S\u00fct Kurumu Genel M\u00fcd\u00fcr\u00fcm\u00fcz merhum Mustafa Kayhan\u2019a bir kez daha Allah\u2019tan rahmet diliyor, kendisini sayg\u0131 ve rahmetle an\u0131yorum&#8221; ifadelerine yer verdi.<br \/>\n<br \/>Ba\u015fkan Kaya a\u00e7\u0131klamas\u0131n\u0131n son b\u00f6l\u00fcmde, &#8220;Et ve S\u00fct Kurumu sat\u0131\u015f ma\u011fazas\u0131n\u0131n il\u00e7emize kazand\u0131r\u0131lmas\u0131nda eme\u011fi ge\u00e7en AK Parti Ayd\u0131n milletvekillerine, Et ve S\u00fct Kurumu Genel M\u00fcd\u00fcr\u00fcm\u00fcz M\u00fccahid Taylan\u2019a, Denizli Et Kombinas\u0131 M\u00fcd\u00fcr\u00fc Alper Durmu\u015f\u2019a ve bu s\u00fcre\u00e7te bizlere destek olan t\u00fcm payda\u015flara ayr\u0131 ayr\u0131 te\u015fekk\u00fcr ediyorum. Geli\u015fen ve b\u00fcy\u00fcyen \u0130ncirliovam\u0131z i\u00e7in \u00e7al\u0131\u015fmaya devam edece\u011fiz. Et ve S\u00fct Kurumu sat\u0131\u015f ma\u011fazam\u0131z \u015fimdiden il\u00e7emize hay\u0131rl\u0131 olsun&#8221; ifadelerini kulland\u0131.<br \/><\/p>\n","protected":false},"excerpt":{"rendered":"<p>Ayd\u0131n\u2019da ilk olma \u00f6zelli\u011fi ta\u015f\u0131yan Et ve S\u00fct Kurumu \u0130ncirliova Sat\u0131\u015f Ma\u011fazas\u0131 30 Temmuz \u00c7ar\u015famba g\u00fcn\u00fc \u0130ncirliova Hamam\u0131 yan\u0131nda saat 12.00\u2019de ger\u00e7ekle\u015fecek a\u00e7\u0131l\u0131\u015f t\u00f6reni ile kap\u0131lar\u0131n\u0131 a\u00e7acak. \u0130ncirliova Belediye Ba\u015fkan\u0131 Aytekin Kaya t\u00fcm vatanda\u015flar\u0131 a\u00e7\u0131l\u0131\u015f t\u00f6renine davet etti. \u0130ncirliova Belediyesi ile Et ve S\u00fct Kurumu Denizli Et Kombinas\u0131 aras\u0131nda \u015eubat ay\u0131nda d\u00fczenlenen protokol ile ilk&#8230;<\/p>\n","protected":false},"author":1,"featured_media":44473,"comment_status":"open","ping_status":"open","sticky":false,"template":"","format":"standard","meta":{"_crdt_document":"","footnotes":""},"categories":[1],"tags":[],"class_list":["post-44472","post","type-post","status-publish","format-standard","has-post-thumbnail","hentry","category-guncel"],"_links":{"self":[{"href":"https:\/\/www.egemtv.com\/index.php?rest_route=\/wp\/v2\/posts\/44472","targetHints":{"allow":["GET"]}}],"collection":[{"href":"https:\/\/www.egemtv.com\/index.php?rest_route=\/wp\/v2\/posts"}],"about":[{"href":"https:\/\/www.egemtv.com\/index.php?rest_route=\/wp\/v2\/types\/post"}],"author":[{"embeddable":true,"href":"https:\/\/www.egemtv.com\/index.php?rest_route=\/wp\/v2\/users\/1"}],"replies":[{"embeddable":true,"href":"https:\/\/www.egemtv.com\/index.php?rest_route=%2Fwp%2Fv2%2Fcomments&post=44472"}],"version-history":[{"count":1,"href":"https:\/\/www.egemtv.com\/index.php?rest_route=\/wp\/v2\/posts\/44472\/revisions"}],"predecessor-version":[{"id":44474,"href":"https:\/\/www.egemtv.com\/index.php?rest_route=\/wp\/v2\/posts\/44472\/revisions\/44474"}],"wp:featuredmedia":[{"embeddable":true,"href":"https:\/\/www.egemtv.com\/index.php?rest_route=\/wp\/v2\/media\/44473"}],"wp:attachment":[{"href":"https:\/\/www.egemtv.com\/index.php?rest_route=%2Fwp%2Fv2%2Fmedia&parent=44472"}],"wp:term":[{"taxonomy":"category","embeddable":true,"href":"https:\/\/www.egemtv.com\/index.php?rest_route=%2Fwp%2Fv2%2Fcategories&post=44472"},{"taxonomy":"post_tag","embeddable":true,"href":"https:\/\/www.egemtv.com\/index.php?rest_route=%2Fwp%2Fv2%2Ftags&post=44472"}],"curies":[{"name":"wp","href":"https:\/\/api.w.org\/{rel}","templated":true}]}}