{"id":44469,"date":"2025-07-25T11:55:08","date_gmt":"2025-07-25T08:55:08","guid":{"rendered":"https:\/\/www.egemtv.com\/?p=44469"},"modified":"2025-07-25T11:55:08","modified_gmt":"2025-07-25T08:55:08","slug":"kasapoglu-engelleri-birlikte-azimle-ve-sporun-gucuyle-asacagiz","status":"publish","type":"post","link":"https:\/\/www.egemtv.com\/?p=44469","title":{"rendered":"Kasapo\u011flu: &#8220;Engelleri birlikte, azimle ve sporun g\u00fcc\u00fcyle a\u015faca\u011f\u0131z&#8221;"},"content":{"rendered":"<p>\u00d6nceki D\u00f6nem Gen\u00e7lik ve Spor Bakan\u0131, T\u00fcrkiye B\u00fcy\u00fck Millet Meclisi Engelli Bireylerin Sorunlar\u0131n\u0131 Ara\u015ft\u0131rma Komisyonu Ba\u015fkan\u0131, AK Parti \u0130zmir Milletvekili Dr. Mehmet Kasapo\u011flu, &#8220;Engellilerimizin hayat\u0131na dokunmak, hayatlar\u0131n\u0131 kolayla\u015ft\u0131rmak, hedeflerine giden yolun \u00f6n\u00fcn\u00fc a\u00e7mak ad\u0131na at\u0131lacak her ad\u0131m\u0131n paha bi\u00e7ilemez oldu\u011funu gayet iyi biliyoruz&#8221; dedi.<br \/>\n<br \/>\u00d6nceki D\u00f6nem Gen\u00e7lik ve Spor Bakan\u0131, T\u00fcrkiye B\u00fcy\u00fck Millet Meclisi Engelli Bireylerin Sorunlar\u0131n\u0131 Ara\u015ft\u0131rma Komisyonu Ba\u015fkan\u0131, AK Parti \u0130zmir Milletvekili Dr. Mehmet Kasapo\u011flu \u0130stanbul\u2019un ev sahipli\u011fi yapt\u0131\u011f\u0131 2025 Avrupa Para Gen\u00e7lik Oyunlar\u0131\u2019n\u0131n a\u00e7\u0131l\u0131\u015f seremonisinde konu\u015ftu. Rekor kat\u0131l\u0131mla ger\u00e7ekle\u015fen anlaml\u0131 ve de\u011ferli organizasyonda bulunmaktan dolay\u0131 duydu\u011fu mutlulu\u011fu ifade eden Kasapo\u011flu, &#8220;Ben sporun birle\u015ftiren ve iyile\u015ftiren bir olgu oldu\u011funa y\u00fcrekten inan\u0131yorum. Bilhassa paralimpik rekabeti spor tutkusunun en b\u00fcy\u00fck g\u00f6stergesi olarak g\u00f6r\u00fcyorum. Burada m\u00fccadele eden sporcular\u0131m\u0131z engellerin sadece a\u015f\u0131lmak i\u00e7in var oldu\u011funu, azim ve gayretin \u00f6n\u00fcnde durabilecek hi\u00e7bir g\u00fcc\u00fcn olamayaca\u011f\u0131n\u0131 bizlere en g\u00fc\u00e7l\u00fc bi\u00e7imde bir kere daha g\u00f6steriyor. Ve t\u00fcm insanl\u0131\u011fa ilham oluyor. Biz bu tablodan ilham al\u0131yoruz. \u0130nsanl\u0131k olarak engelleri birlikte a\u015fabilece\u011fimize y\u00fcrekten inan\u0131yoruz. Ve bu anlaml\u0131 rekabetin i\u00e7inden y\u00fckselen birlik ruhunu, azmin, inanc\u0131n, karde\u015fli\u011fin ve dayan\u0131\u015fman\u0131n sembol\u00fc olarak g\u00f6r\u00fcyoruz. T\u00fcrkiye olarak spor ba\u015fta olmak \u00fczere hayat\u0131n her alan\u0131nda Cumhurba\u015fkan\u0131m\u0131z Recep Tayyip Erdo\u011fan\u2019\u0131n liderli\u011fi ve vizyonuyla t\u00fcm engelleri a\u015fmak i\u00e7in m\u00fccadelemizi s\u00fcrd\u00fcr\u00fcyoruz&#8221; dedi.<\/p>\n<p>&#8220;Engellilerimizin hayat\u0131na dokunmak paha bi\u00e7ilmez bir gayret&#8221;<br \/>\n<br \/>Engelleri kald\u0131rmak i\u00e7in kararl\u0131l\u0131kla m\u00fccadele ettiklerini belirten Kasapo\u011flu, &#8220;Ben paralimpik camia ile g\u00f6n\u00fcl ba\u011f\u0131 olan bir karde\u015finizim. Ayn\u0131 zamanda Engelli Bireylerin Sorunlar\u0131n\u0131 Ara\u015ft\u0131rma Komisyonu Ba\u015fkanl\u0131\u011f\u0131n\u0131 \u00fcstleniyor olmaktan da b\u00fcy\u00fck bir onur ve mutluluk duyuyorum. Ara\u015ft\u0131rma Komisyonumuz, payda\u015flar\u0131m\u0131zla birlikte ortak akl\u0131n, isti\u015farenin ve sahadan gelen bilgilerin \u0131\u015f\u0131\u011f\u0131nda engelli bireylerimizin sorunlar\u0131n\u0131 tespit etme ve \u00e7\u00f6z\u00fcm \u00fcretme noktas\u0131nda son derece k\u0131ymetli bir g\u00f6revi ifa ediyor. Engellilerimizin hayat\u0131na dokunmak, hayatlar\u0131n\u0131 kolayla\u015ft\u0131rmak, hedeflerine giden yolun \u00f6n\u00fcn\u00fc a\u00e7mak ad\u0131na at\u0131lacak her ad\u0131m\u0131n paha bi\u00e7ilemez oldu\u011funu gayet iyi biliyoruz. Komisyonumuz bu s\u00fcre\u00e7te g\u00fcc\u00fcn\u00fc milletimizin iradesi ve inanc\u0131ndan, devletimizin sorun \u00e7\u00f6zme kabiliyeti ve kararl\u0131l\u0131\u011f\u0131ndan alarak yol y\u00fcr\u00fcyor, engelli bireylerimizin hayat\u0131na dokunabilmek ad\u0131nda canla ba\u015fla gayret g\u00f6steriyor. Engellilerimize destek noktas\u0131nda \u00fclkemizde halihaz\u0131rda faaliyet g\u00f6steren g\u00fc\u00e7l\u00fc sivil toplum yap\u0131lanmas\u0131n\u0131 son derece k\u0131ymetli buluyoruz. T\u00fcm payda\u015flar\u0131m\u0131zla beraber olu\u015fturdu\u011fumuz g\u00fc\u00e7l\u00fc uyum ve koordinasyonun kazan\u0131mlar\u0131 g\u00fcn ge\u00e7tik\u00e7e daha belirgin hale gelecektir. Engelleri kald\u0131rman\u0131n, zorluklar\u0131 a\u015fman\u0131n kararl\u0131l\u0131k gerektirdi\u011fini gayet iyi biliyoruz. Komisyonumuz bu kararl\u0131l\u0131\u011f\u0131n, bu irade ve inanc\u0131n yans\u0131mas\u0131d\u0131r. Engellilerimizin yar\u0131n\u0131n\u0131 d\u00fcnden daha kolay k\u0131lmak yeg\u00e2ne amac\u0131m\u0131zd\u0131r&#8221; ifadelerini kulland\u0131.<br \/>\n<br \/>Sporcular\u0131n ba\u015far\u0131lar\u0131 benzersiz bir referans te\u015fkil etti\u011fini ifade eden Kasapo\u011flu, &#8220;\u00dclkemizin ve para sporcular\u0131m\u0131z\u0131n g\u00f6sterdi\u011fi tarihi ba\u015far\u0131lar, k\u0131r\u0131lan madalya rekorlar\u0131 engellilerimizi destekleyici ad\u0131mlar\u0131n ne derece k\u0131ymetli oldu\u011fu hususunda benzersiz bir referans te\u015fkil ediyor. A\u00e7\u0131k\u00e7as\u0131 bu yolda onlar\u0131n tutku ve inan\u00e7lar\u0131ndan, zorluklar kar\u015f\u0131s\u0131ndaki sars\u0131lmaz duru\u015flar\u0131ndan ilham al\u0131yoruz. Burada, bu organizasyonda m\u00fccadele edecek her sporcu b\u00fcy\u00fck bir ailenin \u00fcyesi olarak azimleri ve inan\u00e7lar\u0131yla parl\u0131yor, tutkular\u0131yla d\u00fcnyadaki milyonlarca gence ve elbette t\u00fcm insanl\u0131\u011fa \u00f6rnek te\u015fkil ediyor. Bu g\u00fczel organizasyona ev sahipli\u011fi yapmam\u0131z vesilesiyle T\u00fcrkiye Milli Paralimpik Komitemize, sporcular\u0131m\u0131z\u0131n daima yan\u0131nda olan federasyonlar\u0131m\u0131za, kul\u00fcplerimize ve hocalar\u0131m\u0131za emekleri i\u00e7in g\u00f6n\u00fclden te\u015fekk\u00fcr ediyorum. Bu g\u00fczel m\u00fccadele i\u00e7in \u00fclkemizde bulunan t\u00fcm sporcular\u0131m\u0131za can\u0131 g\u00f6n\u00fclden ba\u015far\u0131lar diliyorum&#8221; dedi.<br \/><\/p>\n","protected":false},"excerpt":{"rendered":"<p>\u00d6nceki D\u00f6nem Gen\u00e7lik ve Spor Bakan\u0131, T\u00fcrkiye B\u00fcy\u00fck Millet Meclisi Engelli Bireylerin Sorunlar\u0131n\u0131 Ara\u015ft\u0131rma Komisyonu Ba\u015fkan\u0131, AK Parti \u0130zmir Milletvekili Dr. Mehmet Kasapo\u011flu, &#8220;Engellilerimizin hayat\u0131na dokunmak, hayatlar\u0131n\u0131 kolayla\u015ft\u0131rmak, hedeflerine giden yolun \u00f6n\u00fcn\u00fc a\u00e7mak ad\u0131na at\u0131lacak her ad\u0131m\u0131n paha bi\u00e7ilemez oldu\u011funu gayet iyi biliyoruz&#8221; dedi. \u00d6nceki D\u00f6nem Gen\u00e7lik ve Spor Bakan\u0131, T\u00fcrkiye B\u00fcy\u00fck Millet Meclisi Engelli&#8230;<\/p>\n","protected":false},"author":1,"featured_media":44470,"comment_status":"open","ping_status":"open","sticky":false,"template":"","format":"standard","meta":{"_crdt_document":"","footnotes":""},"categories":[4],"tags":[],"class_list":["post-44469","post","type-post","status-publish","format-standard","has-post-thumbnail","hentry","category-spor"],"_links":{"self":[{"href":"https:\/\/www.egemtv.com\/index.php?rest_route=\/wp\/v2\/posts\/44469","targetHints":{"allow":["GET"]}}],"collection":[{"href":"https:\/\/www.egemtv.com\/index.php?rest_route=\/wp\/v2\/posts"}],"about":[{"href":"https:\/\/www.egemtv.com\/index.php?rest_route=\/wp\/v2\/types\/post"}],"author":[{"embeddable":true,"href":"https:\/\/www.egemtv.com\/index.php?rest_route=\/wp\/v2\/users\/1"}],"replies":[{"embeddable":true,"href":"https:\/\/www.egemtv.com\/index.php?rest_route=%2Fwp%2Fv2%2Fcomments&post=44469"}],"version-history":[{"count":1,"href":"https:\/\/www.egemtv.com\/index.php?rest_route=\/wp\/v2\/posts\/44469\/revisions"}],"predecessor-version":[{"id":44471,"href":"https:\/\/www.egemtv.com\/index.php?rest_route=\/wp\/v2\/posts\/44469\/revisions\/44471"}],"wp:featuredmedia":[{"embeddable":true,"href":"https:\/\/www.egemtv.com\/index.php?rest_route=\/wp\/v2\/media\/44470"}],"wp:attachment":[{"href":"https:\/\/www.egemtv.com\/index.php?rest_route=%2Fwp%2Fv2%2Fmedia&parent=44469"}],"wp:term":[{"taxonomy":"category","embeddable":true,"href":"https:\/\/www.egemtv.com\/index.php?rest_route=%2Fwp%2Fv2%2Fcategories&post=44469"},{"taxonomy":"post_tag","embeddable":true,"href":"https:\/\/www.egemtv.com\/index.php?rest_route=%2Fwp%2Fv2%2Ftags&post=44469"}],"curies":[{"name":"wp","href":"https:\/\/api.w.org\/{rel}","templated":true}]}}