{"id":44463,"date":"2025-07-25T11:35:25","date_gmt":"2025-07-25T08:35:25","guid":{"rendered":"https:\/\/www.egemtv.com\/?p=44463"},"modified":"2025-07-25T11:35:26","modified_gmt":"2025-07-25T08:35:26","slug":"serinhisar-ve-kaleye-yeni-vergi-dairesi-mudurlukleri-acildi","status":"publish","type":"post","link":"https:\/\/www.egemtv.com\/?p=44463","title":{"rendered":"Serinhisar ve kale\u2019ye yeni vergi dairesi m\u00fcd\u00fcrl\u00fckleri a\u00e7\u0131ld\u0131"},"content":{"rendered":"<p>DEN\u0130ZL\u0130 (\u0130HA) \u2013 Denizli Defterdarl\u0131\u011f\u0131na ba\u011fl\u0131 Serinhisar ve Kale il\u00e7elerinde yeni kurulan Vergi Dairesi M\u00fcd\u00fcrl\u00fckleri d\u00fczenlenen t\u00f6renlerle hizmete a\u00e7\u0131ld\u0131.<\/p>\n<p>Denizli Defterdarl\u0131\u011f\u0131; Serinhisar ve Kale il\u00e7elerinde kurulan Vergi Dairesi M\u00fcd\u00fcrl\u00fckleri i\u00e7in a\u00e7\u0131l\u0131\u015f t\u00f6renleri d\u00fczenledi. Serinhisar\u2019daki programa; Kaymakam Musa Ayy\u0131ld\u0131z, Denizli Defterdar\u0131 Mustafa \u00d6zdemirci, Gelir \u0130daresi Grup M\u00fcd\u00fcrleri ve protokol \u00fcyeleri kat\u0131ld\u0131. Kale\u2019deki t\u00f6rene ise Kaymakam Burak G\u00fcrb\u00fcz, Defterdar \u00d6zdemirci ve kurum temsilcileriyle \u00e7ok say\u0131da vatanda\u015f kat\u0131ld\u0131.<\/p>\n<p>A\u00e7\u0131l\u0131\u015flarda protokol \u00fcyelerinin yapt\u0131\u011f\u0131 konu\u015fmalarda, il\u00e7elere kazand\u0131r\u0131lan kurumlar\u0131n hay\u0131rl\u0131 olmas\u0131 temenni edilerek, yeni m\u00fcd\u00fcrl\u00fckler sayesinde m\u00fckelleflerin i\u015flemlerini yerinden ve daha k\u0131sa s\u00fcrede yapabilmesinin sa\u011flanarak b\u00f6lgesel hizmet kalitesini art\u0131raca\u011f\u0131 vurguland\u0131.<\/p>\n<p>Her iki a\u00e7\u0131l\u0131\u015fta konu\u015fan Denizli Defterdar\u0131 Mustafa \u00d6zdemirci, vatanda\u015flara daha etkin, h\u0131zl\u0131 ve kaliteli kamu hizmeti sunmay\u0131 ama\u00e7lad\u0131klar\u0131n\u0131 belirtti. Vergide g\u00f6n\u00fcll\u00fc uyumu art\u0131rmay\u0131 ve m\u00fckellef memnuniyetini \u00f6n planda tuttuklar\u0131n\u0131 vurgulayan \u00d6zdemirci; &#8220;Serinhisar ve Kale il\u00e7elerimizde a\u00e7\u0131lan Vergi Dairesi M\u00fcd\u00fcrl\u00fckleriyle vatanda\u015flar\u0131m\u0131za yerinde ve kolay eri\u015filebilir hizmet sunaca\u011f\u0131z. Bu ad\u0131mlarla birlikte hem kamu hizmetlerinde kaliteyi art\u0131r\u0131yoruz hem de vatanda\u015f\u0131n g\u00f6n\u00fcll\u00fc uyumunu destekliyoruz. \u0130l\u00e7elerimize hay\u0131rl\u0131, u\u011furlu olsun&#8221; dedi.<\/p>\n<p>T\u00f6renler, kurdele kesiminin ard\u0131ndan m\u00fcd\u00fcrl\u00fck binalar\u0131n\u0131n gezilmesiyle sona erdi.<br \/><\/p>\n","protected":false},"excerpt":{"rendered":"<p>DEN\u0130ZL\u0130 (\u0130HA) \u2013 Denizli Defterdarl\u0131\u011f\u0131na ba\u011fl\u0131 Serinhisar ve Kale il\u00e7elerinde yeni kurulan Vergi Dairesi M\u00fcd\u00fcrl\u00fckleri d\u00fczenlenen t\u00f6renlerle hizmete a\u00e7\u0131ld\u0131. Denizli Defterdarl\u0131\u011f\u0131; Serinhisar ve Kale il\u00e7elerinde kurulan Vergi Dairesi M\u00fcd\u00fcrl\u00fckleri i\u00e7in a\u00e7\u0131l\u0131\u015f t\u00f6renleri d\u00fczenledi. Serinhisar\u2019daki programa; Kaymakam Musa Ayy\u0131ld\u0131z, Denizli Defterdar\u0131 Mustafa \u00d6zdemirci, Gelir \u0130daresi Grup M\u00fcd\u00fcrleri ve protokol \u00fcyeleri kat\u0131ld\u0131. Kale\u2019deki t\u00f6rene ise Kaymakam Burak&#8230;<\/p>\n","protected":false},"author":1,"featured_media":44464,"comment_status":"open","ping_status":"open","sticky":false,"template":"","format":"standard","meta":{"_crdt_document":"","footnotes":""},"categories":[125],"tags":[],"class_list":["post-44463","post","type-post","status-publish","format-standard","has-post-thumbnail","hentry","category-ekonomi"],"_links":{"self":[{"href":"https:\/\/www.egemtv.com\/index.php?rest_route=\/wp\/v2\/posts\/44463","targetHints":{"allow":["GET"]}}],"collection":[{"href":"https:\/\/www.egemtv.com\/index.php?rest_route=\/wp\/v2\/posts"}],"about":[{"href":"https:\/\/www.egemtv.com\/index.php?rest_route=\/wp\/v2\/types\/post"}],"author":[{"embeddable":true,"href":"https:\/\/www.egemtv.com\/index.php?rest_route=\/wp\/v2\/users\/1"}],"replies":[{"embeddable":true,"href":"https:\/\/www.egemtv.com\/index.php?rest_route=%2Fwp%2Fv2%2Fcomments&post=44463"}],"version-history":[{"count":1,"href":"https:\/\/www.egemtv.com\/index.php?rest_route=\/wp\/v2\/posts\/44463\/revisions"}],"predecessor-version":[{"id":44465,"href":"https:\/\/www.egemtv.com\/index.php?rest_route=\/wp\/v2\/posts\/44463\/revisions\/44465"}],"wp:featuredmedia":[{"embeddable":true,"href":"https:\/\/www.egemtv.com\/index.php?rest_route=\/wp\/v2\/media\/44464"}],"wp:attachment":[{"href":"https:\/\/www.egemtv.com\/index.php?rest_route=%2Fwp%2Fv2%2Fmedia&parent=44463"}],"wp:term":[{"taxonomy":"category","embeddable":true,"href":"https:\/\/www.egemtv.com\/index.php?rest_route=%2Fwp%2Fv2%2Fcategories&post=44463"},{"taxonomy":"post_tag","embeddable":true,"href":"https:\/\/www.egemtv.com\/index.php?rest_route=%2Fwp%2Fv2%2Ftags&post=44463"}],"curies":[{"name":"wp","href":"https:\/\/api.w.org\/{rel}","templated":true}]}}