{"id":44457,"date":"2025-07-25T11:35:23","date_gmt":"2025-07-25T08:35:23","guid":{"rendered":"https:\/\/www.egemtv.com\/?p=44457"},"modified":"2025-07-25T11:35:24","modified_gmt":"2025-07-25T08:35:24","slug":"emettin-goncek-kavunu-organik-tarim-bunyesine-kazandirilacak","status":"publish","type":"post","link":"https:\/\/www.egemtv.com\/?p=44457","title":{"rendered":"Emet\u2019tin G\u00f6ncek Kavunu organik tar\u0131m b\u00fcnyesine kazand\u0131r\u0131lacak"},"content":{"rendered":"<p>Emet \u0130l\u00e7e Tar\u0131m ve Orman M\u00fcd\u00fcrl\u00fc\u011f\u00fc ile K\u00fctahya \u0130l Tar\u0131m ve Orman M\u00fcd\u00fcrl\u00fc\u011f\u00fc Bitkisel \u00dcretim \u015eube M\u00fcd\u00fcrl\u00fc\u011f\u00fc taraf\u0131ndan, Emet il\u00e7esi G\u00f6ncek K\u00f6y\u00fc\u2019nde yeti\u015ftirilen ve y\u00f6rede ayr\u0131 bir yere ve lezzete sahip olan G\u00f6ncek Kavununun organik tar\u0131m b\u00fcnyesine kazand\u0131r\u0131lmas\u0131 amac\u0131yla \u00e7ift\u00e7i toplant\u0131s\u0131 d\u00fczenlendi.<br \/>\n<br \/>G\u00f6ncek K\u00f6y\u00fc\u2019nde ger\u00e7ekle\u015ftirilen toplant\u0131ya, K\u00fctahya \u0130l M\u00fcd\u00fcrl\u00fc\u011f\u00fc Bitkisel \u00dcretim \u015eubesi ile Emet \u0130l\u00e7e M\u00fcd\u00fcrl\u00fc\u011f\u00fc personeli kat\u0131ld\u0131. Toplant\u0131da \u00fcreticilere organik tar\u0131m ve a\u015famalar\u0131 hakk\u0131nda bilgilendirme yap\u0131ld\u0131, ard\u0131ndan kavun ekili arazilerde incelemelerde bulunuldu.<br \/>\n<br \/>\u0130ncelemelerde, kavunlar\u0131n k\u0131\u015fl\u0131k t\u00fcr oldu\u011fu, hi\u00e7bir kimyasal g\u00fcbre kullan\u0131lmad\u0131\u011f\u0131, \u00e7ekirdeklerin yeniden tohum olarak de\u011ferlendirildi\u011fi ve kurak iklime tam uyum sa\u011flad\u0131\u011f\u0131 bilgileri payla\u015f\u0131ld\u0131.<br \/>\n<br \/>\u0130l\u00e7e Tar\u0131m ve Orman M\u00fcd\u00fcrl\u00fc\u011f\u00fc yetkilileri, Emet\u2019in do\u011fas\u0131na ve tar\u0131m\u0131na de\u011fer katan bu ad\u0131m\u0131n, organik \u00fcretim yolunda \u00f6nemli bir geli\u015fme oldu\u011funu ifade ettiler.<br \/><\/p>\n","protected":false},"excerpt":{"rendered":"<p>Emet \u0130l\u00e7e Tar\u0131m ve Orman M\u00fcd\u00fcrl\u00fc\u011f\u00fc ile K\u00fctahya \u0130l Tar\u0131m ve Orman M\u00fcd\u00fcrl\u00fc\u011f\u00fc Bitkisel \u00dcretim \u015eube M\u00fcd\u00fcrl\u00fc\u011f\u00fc taraf\u0131ndan, Emet il\u00e7esi G\u00f6ncek K\u00f6y\u00fc\u2019nde yeti\u015ftirilen ve y\u00f6rede ayr\u0131 bir yere ve lezzete sahip olan G\u00f6ncek Kavununun organik tar\u0131m b\u00fcnyesine kazand\u0131r\u0131lmas\u0131 amac\u0131yla \u00e7ift\u00e7i toplant\u0131s\u0131 d\u00fczenlendi. G\u00f6ncek K\u00f6y\u00fc\u2019nde ger\u00e7ekle\u015ftirilen toplant\u0131ya, K\u00fctahya \u0130l M\u00fcd\u00fcrl\u00fc\u011f\u00fc Bitkisel \u00dcretim \u015eubesi ile Emet \u0130l\u00e7e&#8230;<\/p>\n","protected":false},"author":1,"featured_media":44458,"comment_status":"open","ping_status":"open","sticky":false,"template":"","format":"standard","meta":{"_crdt_document":"","footnotes":""},"categories":[125],"tags":[],"class_list":["post-44457","post","type-post","status-publish","format-standard","has-post-thumbnail","hentry","category-ekonomi"],"_links":{"self":[{"href":"https:\/\/www.egemtv.com\/index.php?rest_route=\/wp\/v2\/posts\/44457","targetHints":{"allow":["GET"]}}],"collection":[{"href":"https:\/\/www.egemtv.com\/index.php?rest_route=\/wp\/v2\/posts"}],"about":[{"href":"https:\/\/www.egemtv.com\/index.php?rest_route=\/wp\/v2\/types\/post"}],"author":[{"embeddable":true,"href":"https:\/\/www.egemtv.com\/index.php?rest_route=\/wp\/v2\/users\/1"}],"replies":[{"embeddable":true,"href":"https:\/\/www.egemtv.com\/index.php?rest_route=%2Fwp%2Fv2%2Fcomments&post=44457"}],"version-history":[{"count":1,"href":"https:\/\/www.egemtv.com\/index.php?rest_route=\/wp\/v2\/posts\/44457\/revisions"}],"predecessor-version":[{"id":44459,"href":"https:\/\/www.egemtv.com\/index.php?rest_route=\/wp\/v2\/posts\/44457\/revisions\/44459"}],"wp:featuredmedia":[{"embeddable":true,"href":"https:\/\/www.egemtv.com\/index.php?rest_route=\/wp\/v2\/media\/44458"}],"wp:attachment":[{"href":"https:\/\/www.egemtv.com\/index.php?rest_route=%2Fwp%2Fv2%2Fmedia&parent=44457"}],"wp:term":[{"taxonomy":"category","embeddable":true,"href":"https:\/\/www.egemtv.com\/index.php?rest_route=%2Fwp%2Fv2%2Fcategories&post=44457"},{"taxonomy":"post_tag","embeddable":true,"href":"https:\/\/www.egemtv.com\/index.php?rest_route=%2Fwp%2Fv2%2Ftags&post=44457"}],"curies":[{"name":"wp","href":"https:\/\/api.w.org\/{rel}","templated":true}]}}