{"id":44454,"date":"2025-07-25T11:15:07","date_gmt":"2025-07-25T08:15:07","guid":{"rendered":"https:\/\/www.egemtv.com\/?p=44454"},"modified":"2025-07-25T11:15:08","modified_gmt":"2025-07-25T08:15:08","slug":"kutahyada-sehit-ve-gaziler-icin-mevlit-programi-duzenlendi","status":"publish","type":"post","link":"https:\/\/www.egemtv.com\/?p=44454","title":{"rendered":"K\u00fctahya\u2019da \u015fehit ve gaziler i\u00e7in mevlit program\u0131 d\u00fczenlendi"},"content":{"rendered":"<p>K\u00fctahya Belediyesi ile Harp Malul\u00fc Gaziler \u015eehit Dul ve Yetimler Derne\u011fi K\u00fctahya \u015eubesi i\u015f birli\u011finde, \u015fehit ve gazilerin aziz hat\u0131ras\u0131n\u0131 ya\u015fatmak amac\u0131yla Kur\u2019an-\u0131 Kerim Tilaveti ve Mevlid Program\u0131 d\u00fczenlendi.<br \/>\n<br \/>Tayyare \u015eehitli\u011fi\u2019nde ger\u00e7ekle\u015ftirilen programa K\u00fctahya Belediye Ba\u015fkan\u0131 Ey\u00fcp Kahveci\u2019nin yan\u0131 s\u0131ra K\u00fctahya Valisi Musa I\u015f\u0131n, il protokol\u00fc, \u015fehit aileleri, gaziler ve vatanda\u015flar kat\u0131ld\u0131. Programda, Temmuz ay\u0131nda \u015fehit olan Mehmet\u00e7ikler, polisler, vefat eden gaziler ile 10-24 Temmuz 1921 tarihlerinde ya\u015fanan K\u00fctahya-Eski\u015fehir Sava\u015flar\u0131\u2019nda hayat\u0131n\u0131 kaybeden 1463 \u015fehit ve 4981 gazinin ruhuna dualar okundu. Birlik ve beraberlik duygular\u0131n\u0131n peki\u015fti\u011fi etkinlikte, ge\u00e7mi\u015ften bug\u00fcne vatan u\u011fruna can\u0131n\u0131 feda eden t\u00fcm kahramanlar rahmetle an\u0131ld\u0131.<br \/>\n<br \/>Konu\u015fmas\u0131nda, son g\u00fcnlerde \u00fclke genelinde ya\u015fanan yang\u0131n felaketlerinde hayat\u0131n\u0131 kaybeden \u015fehitleri de anan Belediye Ba\u015fkan\u0131 Ey\u00fcp Kahveci, &#8220;\u015eehitlerimiz bizim onurumuz, gazilerimiz ise ba\u015f\u0131m\u0131z\u0131n tac\u0131d\u0131r. Vatan topra\u011f\u0131n\u0131 kanlar\u0131yla sulayan kahramanlar\u0131m\u0131z\u0131 rahmetle anarken, bizlere d\u00fc\u015fen g\u00f6rev; onlar\u0131n emanetine sahip \u00e7\u0131kmak ve bu aziz topraklar\u0131 her daim korumakt\u0131r&#8221; dedi.<br \/>\n<br \/>K\u00fctahya Belediyesi\u2019nin milli ve manevi de\u011ferlere sahip \u00e7\u0131kmaya, \u015fehitlerin hat\u0131ras\u0131n\u0131 ya\u015fatmaya y\u00f6nelik \u00e7al\u0131\u015fmalar\u0131n\u0131 s\u00fcrd\u00fcrece\u011fi belirtildi.<br \/><\/p>\n","protected":false},"excerpt":{"rendered":"<p>K\u00fctahya Belediyesi ile Harp Malul\u00fc Gaziler \u015eehit Dul ve Yetimler Derne\u011fi K\u00fctahya \u015eubesi i\u015f birli\u011finde, \u015fehit ve gazilerin aziz hat\u0131ras\u0131n\u0131 ya\u015fatmak amac\u0131yla Kur\u2019an-\u0131 Kerim Tilaveti ve Mevlid Program\u0131 d\u00fczenlendi. Tayyare \u015eehitli\u011fi\u2019nde ger\u00e7ekle\u015ftirilen programa K\u00fctahya Belediye Ba\u015fkan\u0131 Ey\u00fcp Kahveci\u2019nin yan\u0131 s\u0131ra K\u00fctahya Valisi Musa I\u015f\u0131n, il protokol\u00fc, \u015fehit aileleri, gaziler ve vatanda\u015flar kat\u0131ld\u0131. Programda, Temmuz ay\u0131nda&#8230;<\/p>\n","protected":false},"author":1,"featured_media":44455,"comment_status":"open","ping_status":"open","sticky":false,"template":"","format":"standard","meta":{"_crdt_document":"","footnotes":""},"categories":[123],"tags":[],"class_list":["post-44454","post","type-post","status-publish","format-standard","has-post-thumbnail","hentry","category-gundem"],"_links":{"self":[{"href":"https:\/\/www.egemtv.com\/index.php?rest_route=\/wp\/v2\/posts\/44454","targetHints":{"allow":["GET"]}}],"collection":[{"href":"https:\/\/www.egemtv.com\/index.php?rest_route=\/wp\/v2\/posts"}],"about":[{"href":"https:\/\/www.egemtv.com\/index.php?rest_route=\/wp\/v2\/types\/post"}],"author":[{"embeddable":true,"href":"https:\/\/www.egemtv.com\/index.php?rest_route=\/wp\/v2\/users\/1"}],"replies":[{"embeddable":true,"href":"https:\/\/www.egemtv.com\/index.php?rest_route=%2Fwp%2Fv2%2Fcomments&post=44454"}],"version-history":[{"count":1,"href":"https:\/\/www.egemtv.com\/index.php?rest_route=\/wp\/v2\/posts\/44454\/revisions"}],"predecessor-version":[{"id":44456,"href":"https:\/\/www.egemtv.com\/index.php?rest_route=\/wp\/v2\/posts\/44454\/revisions\/44456"}],"wp:featuredmedia":[{"embeddable":true,"href":"https:\/\/www.egemtv.com\/index.php?rest_route=\/wp\/v2\/media\/44455"}],"wp:attachment":[{"href":"https:\/\/www.egemtv.com\/index.php?rest_route=%2Fwp%2Fv2%2Fmedia&parent=44454"}],"wp:term":[{"taxonomy":"category","embeddable":true,"href":"https:\/\/www.egemtv.com\/index.php?rest_route=%2Fwp%2Fv2%2Fcategories&post=44454"},{"taxonomy":"post_tag","embeddable":true,"href":"https:\/\/www.egemtv.com\/index.php?rest_route=%2Fwp%2Fv2%2Ftags&post=44454"}],"curies":[{"name":"wp","href":"https:\/\/api.w.org\/{rel}","templated":true}]}}