{"id":44451,"date":"2025-07-25T11:15:06","date_gmt":"2025-07-25T08:15:06","guid":{"rendered":"https:\/\/www.egemtv.com\/?p=44451"},"modified":"2025-07-25T11:15:07","modified_gmt":"2025-07-25T08:15:07","slug":"kaybolan-sahis-ormanlik-alanda-bulundu","status":"publish","type":"post","link":"https:\/\/www.egemtv.com\/?p=44451","title":{"rendered":"Kaybolan \u015fah\u0131s ormanl\u0131k alanda bulundu"},"content":{"rendered":"<p>Ayd\u0131n\u2019\u0131n \u00c7ine il\u00e7esinde kaybolan bir ki\u015fi havadan ve karadan yap\u0131lan \u00e7al\u0131\u015fmalar sonunda, mahallesinden 2,5 kilometre uzakl\u0131ktaki ormanl\u0131k alanda bulundu.<\/p>\n<p>Olay, \u00c7ine il\u00e7esi Sarn\u0131\u00e7 Mahallesi\u2019nde 24 Temmuz g\u00fcn\u00fc saat 08.00 s\u0131ralar\u0131nda meydana geldi. Edinilen bilgiye g\u00f6re H.A.D. isimli \u015fah\u0131s \u00c7ine \u0130l\u00e7e Jandarma Komutanl\u0131\u011f\u0131\u2019na m\u00fcracaat ederek Alzheimer ba\u015flang\u0131c\u0131 olan ve d\u00fczenli olarak epilepsi ilac\u0131 kullanan e\u015fi H.D.\u2019nin sabah saatlerinde evden \u00e7\u0131kt\u0131\u011f\u0131n\u0131 ve ula\u015famad\u0131\u011f\u0131n\u0131 beyan ederek ihbarda bulundu. Saat 18.30 s\u0131ralar\u0131nda yap\u0131lan ihbar\u0131n ard\u0131ndan harekete ge\u00e7en \u00c7ine \u0130l\u00e7e Jandarma Komutanl\u0131\u011f\u0131, Jandarma Komando Timi, JAK Timi, \u0130stihbarat unsuru (\u0130HA), \u0130z Takip K\u00f6pek Timi ve 1 Trafik Timi ile arama faaliyetine ba\u015fland\u0131. Ayn\u0131 g\u00fcn saat 21.30 s\u0131ralar\u0131nda karadan sonland\u0131r\u0131lan arama faaliyeti \u0130HA ile havadan devam etti. 25 Temmuz 2025 g\u00fcn\u00fc (bug\u00fcn) saat 07.00 itibariyle tekrardan karadan arama faaliyeti ba\u015flat\u0131l\u0131rken, kay\u0131p H.D. isimli \u015fah\u0131s saat 08.15 s\u0131ralar\u0131nda ormanl\u0131k alan i\u00e7erisinde k\u00f6yden yakla\u015f\u0131k 2.5 kilometre uzakl\u0131kta bilinci a\u00e7\u0131k, herhangi bir yaralanmas\u0131 olmadan sa\u011f olarak bulundu. Yap\u0131lan ilk m\u00fcdahalenin ard\u0131ndan H.D. bulundu\u011fu yerden ambulansa ta\u015f\u0131narak hastaneye sevk edildi.<br \/><\/p>\n","protected":false},"excerpt":{"rendered":"<p>Ayd\u0131n\u2019\u0131n \u00c7ine il\u00e7esinde kaybolan bir ki\u015fi havadan ve karadan yap\u0131lan \u00e7al\u0131\u015fmalar sonunda, mahallesinden 2,5 kilometre uzakl\u0131ktaki ormanl\u0131k alanda bulundu. Olay, \u00c7ine il\u00e7esi Sarn\u0131\u00e7 Mahallesi\u2019nde 24 Temmuz g\u00fcn\u00fc saat 08.00 s\u0131ralar\u0131nda meydana geldi. Edinilen bilgiye g\u00f6re H.A.D. isimli \u015fah\u0131s \u00c7ine \u0130l\u00e7e Jandarma Komutanl\u0131\u011f\u0131\u2019na m\u00fcracaat ederek Alzheimer ba\u015flang\u0131c\u0131 olan ve d\u00fczenli olarak epilepsi ilac\u0131 kullanan e\u015fi H.D.\u2019nin&#8230;<\/p>\n","protected":false},"author":1,"featured_media":44452,"comment_status":"open","ping_status":"open","sticky":false,"template":"","format":"standard","meta":{"_crdt_document":"","footnotes":""},"categories":[5],"tags":[],"class_list":["post-44451","post","type-post","status-publish","format-standard","has-post-thumbnail","hentry","category-asayis"],"_links":{"self":[{"href":"https:\/\/www.egemtv.com\/index.php?rest_route=\/wp\/v2\/posts\/44451","targetHints":{"allow":["GET"]}}],"collection":[{"href":"https:\/\/www.egemtv.com\/index.php?rest_route=\/wp\/v2\/posts"}],"about":[{"href":"https:\/\/www.egemtv.com\/index.php?rest_route=\/wp\/v2\/types\/post"}],"author":[{"embeddable":true,"href":"https:\/\/www.egemtv.com\/index.php?rest_route=\/wp\/v2\/users\/1"}],"replies":[{"embeddable":true,"href":"https:\/\/www.egemtv.com\/index.php?rest_route=%2Fwp%2Fv2%2Fcomments&post=44451"}],"version-history":[{"count":1,"href":"https:\/\/www.egemtv.com\/index.php?rest_route=\/wp\/v2\/posts\/44451\/revisions"}],"predecessor-version":[{"id":44453,"href":"https:\/\/www.egemtv.com\/index.php?rest_route=\/wp\/v2\/posts\/44451\/revisions\/44453"}],"wp:featuredmedia":[{"embeddable":true,"href":"https:\/\/www.egemtv.com\/index.php?rest_route=\/wp\/v2\/media\/44452"}],"wp:attachment":[{"href":"https:\/\/www.egemtv.com\/index.php?rest_route=%2Fwp%2Fv2%2Fmedia&parent=44451"}],"wp:term":[{"taxonomy":"category","embeddable":true,"href":"https:\/\/www.egemtv.com\/index.php?rest_route=%2Fwp%2Fv2%2Fcategories&post=44451"},{"taxonomy":"post_tag","embeddable":true,"href":"https:\/\/www.egemtv.com\/index.php?rest_route=%2Fwp%2Fv2%2Ftags&post=44451"}],"curies":[{"name":"wp","href":"https:\/\/api.w.org\/{rel}","templated":true}]}}