{"id":44448,"date":"2025-07-25T11:15:05","date_gmt":"2025-07-25T08:15:05","guid":{"rendered":"https:\/\/www.egemtv.com\/?p=44448"},"modified":"2025-07-25T11:15:06","modified_gmt":"2025-07-25T08:15:06","slug":"ormanlar-hem-karadan-hem-havadan-korunuyor","status":"publish","type":"post","link":"https:\/\/www.egemtv.com\/?p=44448","title":{"rendered":"Ormanlar hem karadan hem havadan korunuyor"},"content":{"rendered":"<p>Ayd\u0131n Valili\u011fi\u2019nin orman yang\u0131nlar\u0131n\u0131 \u00f6nlemeye y\u00f6nelik ald\u0131\u011f\u0131 tedbirler kapsam\u0131nda Ayd\u0131n \u0130l Jandarma Komutanl\u0131\u011f\u0131 ekipleri, \u00f6zellikle yang\u0131n riski ta\u015f\u0131yan b\u00f6lgelerde denetimlerini s\u0131kla\u015ft\u0131rd\u0131.<\/p>\n<p>Germencik, \u0130ncirliova ve Sultanhisar il\u00e7elerinde ger\u00e7ekle\u015ftirilen devriye faaliyetleriyle vatanda\u015flar\u0131n uyar\u0131ld\u0131\u011f\u0131 belirtilirken, ormanl\u0131k alanlar insans\u0131z hava arac\u0131 (\u0130HA) ve dronlar ile havadan da s\u00fcrekli kontrol alt\u0131nda tutuluyor. Ayd\u0131n Valili\u011fi\u2019nin 2025\/1 Say\u0131l\u0131 \u2019Orman Yang\u0131nlar\u0131n\u0131 \u00d6nleyici Tedbirler\u2019 konulu karar\u0131 \u00e7er\u00e7evesinde, 1 Haziran-31 Ekim 2025 tarihleri aras\u0131nda belirlenen ormanl\u0131k alanlara giri\u015fler izne tabi hale getirildi. Bu karar do\u011frultusunda jandarma ekipleri, orman yang\u0131nlar\u0131na kar\u015f\u0131 fark\u0131ndal\u0131\u011f\u0131 art\u0131rmak ve riskleri \u00f6nlemek amac\u0131yla b\u00f6lge halk\u0131n\u0131 bilgilendirdi. Orman yang\u0131nlar\u0131na kar\u015f\u0131 daha etkin m\u00fccadele edilmesi amac\u0131yla teknolojik imkanlar\u0131n da kullan\u0131ld\u0131\u011f\u0131 belirtilirken, \u0130HA ve dron destekli takiplerin yang\u0131nla m\u00fccadelede b\u00fcy\u00fck rol oynad\u0131\u011f\u0131 ifade edildi. Yetkililer, ormanlar\u0131n ve do\u011fal ya\u015fam alanlar\u0131n\u0131n korunmas\u0131n\u0131n gelecek nesiller i\u00e7in b\u00fcy\u00fck \u00f6nem ta\u015f\u0131d\u0131\u011f\u0131na dikkat \u00e7ekti.<br \/><\/p>\n","protected":false},"excerpt":{"rendered":"<p>Ayd\u0131n Valili\u011fi\u2019nin orman yang\u0131nlar\u0131n\u0131 \u00f6nlemeye y\u00f6nelik ald\u0131\u011f\u0131 tedbirler kapsam\u0131nda Ayd\u0131n \u0130l Jandarma Komutanl\u0131\u011f\u0131 ekipleri, \u00f6zellikle yang\u0131n riski ta\u015f\u0131yan b\u00f6lgelerde denetimlerini s\u0131kla\u015ft\u0131rd\u0131. Germencik, \u0130ncirliova ve Sultanhisar il\u00e7elerinde ger\u00e7ekle\u015ftirilen devriye faaliyetleriyle vatanda\u015flar\u0131n uyar\u0131ld\u0131\u011f\u0131 belirtilirken, ormanl\u0131k alanlar insans\u0131z hava arac\u0131 (\u0130HA) ve dronlar ile havadan da s\u00fcrekli kontrol alt\u0131nda tutuluyor. Ayd\u0131n Valili\u011fi\u2019nin 2025\/1 Say\u0131l\u0131 \u2019Orman Yang\u0131nlar\u0131n\u0131 \u00d6nleyici Tedbirler\u2019&#8230;<\/p>\n","protected":false},"author":1,"featured_media":44449,"comment_status":"open","ping_status":"open","sticky":false,"template":"","format":"standard","meta":{"_crdt_document":"","footnotes":""},"categories":[1],"tags":[],"class_list":["post-44448","post","type-post","status-publish","format-standard","has-post-thumbnail","hentry","category-guncel"],"_links":{"self":[{"href":"https:\/\/www.egemtv.com\/index.php?rest_route=\/wp\/v2\/posts\/44448","targetHints":{"allow":["GET"]}}],"collection":[{"href":"https:\/\/www.egemtv.com\/index.php?rest_route=\/wp\/v2\/posts"}],"about":[{"href":"https:\/\/www.egemtv.com\/index.php?rest_route=\/wp\/v2\/types\/post"}],"author":[{"embeddable":true,"href":"https:\/\/www.egemtv.com\/index.php?rest_route=\/wp\/v2\/users\/1"}],"replies":[{"embeddable":true,"href":"https:\/\/www.egemtv.com\/index.php?rest_route=%2Fwp%2Fv2%2Fcomments&post=44448"}],"version-history":[{"count":1,"href":"https:\/\/www.egemtv.com\/index.php?rest_route=\/wp\/v2\/posts\/44448\/revisions"}],"predecessor-version":[{"id":44450,"href":"https:\/\/www.egemtv.com\/index.php?rest_route=\/wp\/v2\/posts\/44448\/revisions\/44450"}],"wp:featuredmedia":[{"embeddable":true,"href":"https:\/\/www.egemtv.com\/index.php?rest_route=\/wp\/v2\/media\/44449"}],"wp:attachment":[{"href":"https:\/\/www.egemtv.com\/index.php?rest_route=%2Fwp%2Fv2%2Fmedia&parent=44448"}],"wp:term":[{"taxonomy":"category","embeddable":true,"href":"https:\/\/www.egemtv.com\/index.php?rest_route=%2Fwp%2Fv2%2Fcategories&post=44448"},{"taxonomy":"post_tag","embeddable":true,"href":"https:\/\/www.egemtv.com\/index.php?rest_route=%2Fwp%2Fv2%2Ftags&post=44448"}],"curies":[{"name":"wp","href":"https:\/\/api.w.org\/{rel}","templated":true}]}}