{"id":44439,"date":"2025-07-25T10:54:57","date_gmt":"2025-07-25T07:54:57","guid":{"rendered":"https:\/\/www.egemtv.com\/?p=44439"},"modified":"2025-07-25T10:54:58","modified_gmt":"2025-07-25T07:54:58","slug":"akilli-asistana-akademik-destek","status":"publish","type":"post","link":"https:\/\/www.egemtv.com\/?p=44439","title":{"rendered":"Ak\u0131ll\u0131 asistana \u2018akademik\u2019 destek"},"content":{"rendered":"<p>\u0130zmir Ekonomi \u00dcniversitesi (\u0130E\u00dc) Elektrik-Elektronik M\u00fchendisli\u011fi B\u00f6l\u00fcm\u00fc Dr. \u00d6\u011fretim \u00dcyesi Ay\u00e7a Kumluca Topall\u0131, T\u00dcB\u0130TAK\u2019\u0131n 7.5 milyon liral\u0131k deste\u011fiyle hayata ge\u00e7en \u2018Yapay zeka destekli ak\u0131ll\u0131 \u00fcretim asistan\u0131\u2019 projesinin payda\u015f\u0131 oldu.<br \/>\n<br \/>\u00dcniversite-sanayi b\u00fct\u00fcnle\u015fmesinin g\u00fczel bir \u00f6rne\u011fi olan proje kapsam\u0131nda Dr. Topall\u0131, d\u00fcnyaca \u00fcnl\u00fc Beko markas\u0131 i\u00e7in haz\u0131rlanacak \u2018ak\u0131ll\u0131 \u00fcretim asistan\u0131n\u0131n\u2019 geli\u015ftirilme s\u00fcrecinde dan\u0131\u015fmanl\u0131k deste\u011fi verecek. \u0130ki y\u0131l i\u00e7inde, \u00f6zel bir yaz\u0131l\u0131m geli\u015ftirilerek tamamlanmas\u0131 hedeflenen ak\u0131ll\u0131 \u00fcretim asistan\u0131, tesislerde olu\u015fan verimlilik kayb\u0131n\u0131 en aza indirecek ve \u00fcretimde y\u00fcksek kalite standard\u0131n\u0131 sa\u011flayacak. Dr. Topall\u0131\u2019ya \u00e7al\u0131\u015fma s\u00fcrecinde \u0130E\u00dc mezunlar\u0131 Mert Can Basut ve Pelin Balkaya da destek sa\u011flayacak.<br \/>\n<br \/>T\u00dcB\u0130TAK Yapay Zeka Ekosistem \u00c7a\u011fr\u0131s\u0131 S\u00f6zle\u015fme \u0130mza T\u00f6reni, Sanayi ve Teknoloji Bakan\u0131 Mehmet Fatih Kac\u0131r, \u0130stanbul Valisi Davut G\u00fcl ve T\u00dcB\u0130TAK Ba\u015fkan\u0131 Prof. Dr. Orhan Ayd\u0131n\u2019\u0131n kat\u0131l\u0131m\u0131yla ger\u00e7ekle\u015fti. Akademi ile sanayiyi bir araya getiren t\u00f6rende, \u0130E\u00dc Rekt\u00f6r\u00fc Prof. Dr. Yusuf Hakan Abac\u0131o\u011flu da yer ald\u0131. \u00dcniversite olarak projenin payda\u015f\u0131 olmaktan duydu\u011fu mutlulu\u011fu dile getiren Prof. Dr. Abac\u0131o\u011flu, \u00e7al\u0131\u015fmalar\u0131nda t\u00fcm ekibe ba\u015far\u0131lar diledi. Projeye ili\u015fkin detayl\u0131 bilgiler veren Dr. Ay\u00e7a Kumluca Topall\u0131 ise, \u00e7al\u0131\u015fman\u0131n Beko, Visea Innovative, \u0130zmir Ekonomi \u00dcniversitesi ve T\u00dcB\u0130TAK B\u0130LGEM Yapay Zeka Enstit\u00fcs\u00fc ortakl\u0131\u011f\u0131nda ger\u00e7ekle\u015fece\u011fini belirtti.<\/p>\n<p>&#8220;G\u00fczel bir model ortaya \u00e7\u0131kacak&#8221;<br \/>\n<br \/>Projeye b\u00fcy\u00fck \u00f6nem verdiklerini ve ortaya g\u00fczel bir model \u00e7\u0131karmay\u0131 hedeflediklerini ifade eden Dr. Topall\u0131, &#8220;Beko i\u00e7in \u00f6zel geli\u015ftirilecek proje kapsam\u0131nda yapay zeka tabanl\u0131 bir ak\u0131ll\u0131 \u00fcretim asistan\u0131 yaz\u0131l\u0131m\u0131 geli\u015ftirece\u011fiz. Asistan sayesinde zaman tasarrufunu art\u0131rmay\u0131 ve i\u015f g\u00fcc\u00fcn\u00fc en iyi \u015fekilde y\u00f6netmeyi hedefliyoruz. Projeye ili\u015fkin detayl\u0131 bilgileri, ilerleyen d\u00f6nemde payla\u015faca\u011f\u0131z&#8221; diye konu\u015ftu.<\/p>\n<p>&#8220;Rekabet g\u00fcc\u00fc ve inovasyonun anahtar\u0131&#8221;<br \/>\n<br \/>G\u00fcn\u00fcm\u00fczde bilginin, en az sermaye kadar de\u011ferli bir \u00fcretim fakt\u00f6r\u00fc oldu\u011funa dikkat \u00e7eken Dr. Topall\u0131, &#8220;\u00dcniversiteler, bilginin \u00fcretildi\u011fi, geli\u015ftirildi\u011fi ve toplumla payla\u015f\u0131ld\u0131\u011f\u0131 en \u00f6nemli kurumlardan biri. Sanayi ise bu bilginin \u00fcr\u00fcne, hizmete ve de\u011fere d\u00f6n\u00fc\u015ft\u00fc\u011f\u00fc alan. Dolay\u0131s\u0131yla bilgi ile \u00fcretimin bulu\u015fma noktas\u0131 olan \u00fcniversite-sanayi i\u015f birli\u011fi; s\u00fcrd\u00fcr\u00fclebilir kalk\u0131nman\u0131n, rekabet g\u00fcc\u00fcn\u00fcn ve inovasyonun da anahtar\u0131. Bu noktada projeyi \u00e7ok \u00f6nemsiyor, \u00e7al\u0131\u015fmalara destek sa\u011flayaca\u011f\u0131m i\u00e7in mutluluk ve gurur duyuyorum&#8221; ifadelerini kulland\u0131.<br \/><\/p>\n","protected":false},"excerpt":{"rendered":"<p>\u0130zmir Ekonomi \u00dcniversitesi (\u0130E\u00dc) Elektrik-Elektronik M\u00fchendisli\u011fi B\u00f6l\u00fcm\u00fc Dr. \u00d6\u011fretim \u00dcyesi Ay\u00e7a Kumluca Topall\u0131, T\u00dcB\u0130TAK\u2019\u0131n 7.5 milyon liral\u0131k deste\u011fiyle hayata ge\u00e7en \u2018Yapay zeka destekli ak\u0131ll\u0131 \u00fcretim asistan\u0131\u2019 projesinin payda\u015f\u0131 oldu. \u00dcniversite-sanayi b\u00fct\u00fcnle\u015fmesinin g\u00fczel bir \u00f6rne\u011fi olan proje kapsam\u0131nda Dr. Topall\u0131, d\u00fcnyaca \u00fcnl\u00fc Beko markas\u0131 i\u00e7in haz\u0131rlanacak \u2018ak\u0131ll\u0131 \u00fcretim asistan\u0131n\u0131n\u2019 geli\u015ftirilme s\u00fcrecinde dan\u0131\u015fmanl\u0131k deste\u011fi verecek. \u0130ki y\u0131l&#8230;<\/p>\n","protected":false},"author":1,"featured_media":44440,"comment_status":"open","ping_status":"open","sticky":false,"template":"","format":"standard","meta":{"_crdt_document":"","footnotes":""},"categories":[124],"tags":[],"class_list":["post-44439","post","type-post","status-publish","format-standard","has-post-thumbnail","hentry","category-bilim"],"_links":{"self":[{"href":"https:\/\/www.egemtv.com\/index.php?rest_route=\/wp\/v2\/posts\/44439","targetHints":{"allow":["GET"]}}],"collection":[{"href":"https:\/\/www.egemtv.com\/index.php?rest_route=\/wp\/v2\/posts"}],"about":[{"href":"https:\/\/www.egemtv.com\/index.php?rest_route=\/wp\/v2\/types\/post"}],"author":[{"embeddable":true,"href":"https:\/\/www.egemtv.com\/index.php?rest_route=\/wp\/v2\/users\/1"}],"replies":[{"embeddable":true,"href":"https:\/\/www.egemtv.com\/index.php?rest_route=%2Fwp%2Fv2%2Fcomments&post=44439"}],"version-history":[{"count":1,"href":"https:\/\/www.egemtv.com\/index.php?rest_route=\/wp\/v2\/posts\/44439\/revisions"}],"predecessor-version":[{"id":44441,"href":"https:\/\/www.egemtv.com\/index.php?rest_route=\/wp\/v2\/posts\/44439\/revisions\/44441"}],"wp:featuredmedia":[{"embeddable":true,"href":"https:\/\/www.egemtv.com\/index.php?rest_route=\/wp\/v2\/media\/44440"}],"wp:attachment":[{"href":"https:\/\/www.egemtv.com\/index.php?rest_route=%2Fwp%2Fv2%2Fmedia&parent=44439"}],"wp:term":[{"taxonomy":"category","embeddable":true,"href":"https:\/\/www.egemtv.com\/index.php?rest_route=%2Fwp%2Fv2%2Fcategories&post=44439"},{"taxonomy":"post_tag","embeddable":true,"href":"https:\/\/www.egemtv.com\/index.php?rest_route=%2Fwp%2Fv2%2Ftags&post=44439"}],"curies":[{"name":"wp","href":"https:\/\/api.w.org\/{rel}","templated":true}]}}