{"id":44436,"date":"2025-07-25T10:54:56","date_gmt":"2025-07-25T07:54:56","guid":{"rendered":"https:\/\/www.egemtv.com\/?p=44436"},"modified":"2025-07-25T10:54:57","modified_gmt":"2025-07-25T07:54:57","slug":"civril-kaymakami-fatih-cidiroglundan-orman-sefliklerine-anlamli-ziyaret","status":"publish","type":"post","link":"https:\/\/www.egemtv.com\/?p=44436","title":{"rendered":"\u00c7ivril Kaymakam\u0131 Fatih C\u0131d\u0131ro\u011flu\u2019ndan orman \u015fefliklerine anlaml\u0131 ziyaret"},"content":{"rendered":"<p>Eski\u015fehir\u2019de \u00e7\u0131kan orman yang\u0131n\u0131nda 10 orman i\u015f\u00e7isinin \u015fehit olmas\u0131 \u00fczerine \u00c7ivril Kaymakam\u0131 Fatih C\u0131d\u0131ro\u011flu, \u00c7ivril Orman \u0130\u015fletme \u015fefli\u011fi ile I\u015f\u0131kl\u0131 Orman \u015fefli\u011fini ziyaret ederek ba\u015fsa\u011fl\u0131\u011f\u0131 dileklerini iletti.<\/p>\n<p>\u00dclke genelinde ya\u015fanan orman yang\u0131nlar\u0131 ve Eski\u015fehir\u2019in Seyitgazi il\u00e7esinde meydana gelen orman yang\u0131n\u0131nda 10 orman i\u015f\u00e7isi \u015fehit olmas\u0131n\u0131n ard\u0131ndan \u00c7ivril Kaymakam\u0131 Fatih C\u0131d\u0131ro\u011flu, \u00c7ivril Orman \u0130\u015fletme \u015fefli\u011fi ile I\u015f\u0131kl\u0131 Orman \u015fefli\u011fini ziyaret etti. Kaymakam C\u0131dr\u0131o\u011flu personel ve yetkililerden faaliyetler hakk\u0131nda bilgi al\u0131rken ba\u015fsa\u011fl\u0131\u011f\u0131 dile\u011finde bulundu ve orman personeline destek mesaj\u0131 verdi.<\/p>\n<p>Ziyarette orman personelinin \u00f6zverili \u00e7al\u0131\u015fmalar\u0131na dikkat \u00e7eken Kaymakam C\u0131d\u0131ro\u011flu, bu zorlu s\u00fcre\u00e7te g\u00f6rev yapan t\u00fcm \u00e7al\u0131\u015fanlara te\u015fekk\u00fcr etti. Kaymakam Fatih C\u0131d\u0131ro\u011flu orman yang\u0131nlar\u0131yla m\u00fccadelede en \u00f6n safta yer alan g\u00f6revlilerin fedak\u00e2rl\u0131klar\u0131n\u0131n unutulmamas\u0131 gerekti\u011fini belirtti. \u015eehit d\u00fc\u015fen orman i\u015f\u00e7ilerine Allah\u2019tan rahmet, yaral\u0131lara acil \u015fifalar dileyen Kaymakam Fatih C\u0131d\u0131ro\u011flu, &#8220;Ormanlar\u0131m\u0131z sadece ye\u015fil alan de\u011fil, gelece\u011fimizdir&#8221; diyerek duyarl\u0131l\u0131k \u00e7a\u011fr\u0131s\u0131nda bulundu.<br \/><\/p>\n","protected":false},"excerpt":{"rendered":"<p>Eski\u015fehir\u2019de \u00e7\u0131kan orman yang\u0131n\u0131nda 10 orman i\u015f\u00e7isinin \u015fehit olmas\u0131 \u00fczerine \u00c7ivril Kaymakam\u0131 Fatih C\u0131d\u0131ro\u011flu, \u00c7ivril Orman \u0130\u015fletme \u015fefli\u011fi ile I\u015f\u0131kl\u0131 Orman \u015fefli\u011fini ziyaret ederek ba\u015fsa\u011fl\u0131\u011f\u0131 dileklerini iletti. \u00dclke genelinde ya\u015fanan orman yang\u0131nlar\u0131 ve Eski\u015fehir\u2019in Seyitgazi il\u00e7esinde meydana gelen orman yang\u0131n\u0131nda 10 orman i\u015f\u00e7isi \u015fehit olmas\u0131n\u0131n ard\u0131ndan \u00c7ivril Kaymakam\u0131 Fatih C\u0131d\u0131ro\u011flu, \u00c7ivril Orman \u0130\u015fletme \u015fefli\u011fi ile&#8230;<\/p>\n","protected":false},"author":1,"featured_media":44437,"comment_status":"open","ping_status":"open","sticky":false,"template":"","format":"standard","meta":{"_crdt_document":"","footnotes":""},"categories":[123],"tags":[],"class_list":["post-44436","post","type-post","status-publish","format-standard","has-post-thumbnail","hentry","category-gundem"],"_links":{"self":[{"href":"https:\/\/www.egemtv.com\/index.php?rest_route=\/wp\/v2\/posts\/44436","targetHints":{"allow":["GET"]}}],"collection":[{"href":"https:\/\/www.egemtv.com\/index.php?rest_route=\/wp\/v2\/posts"}],"about":[{"href":"https:\/\/www.egemtv.com\/index.php?rest_route=\/wp\/v2\/types\/post"}],"author":[{"embeddable":true,"href":"https:\/\/www.egemtv.com\/index.php?rest_route=\/wp\/v2\/users\/1"}],"replies":[{"embeddable":true,"href":"https:\/\/www.egemtv.com\/index.php?rest_route=%2Fwp%2Fv2%2Fcomments&post=44436"}],"version-history":[{"count":1,"href":"https:\/\/www.egemtv.com\/index.php?rest_route=\/wp\/v2\/posts\/44436\/revisions"}],"predecessor-version":[{"id":44438,"href":"https:\/\/www.egemtv.com\/index.php?rest_route=\/wp\/v2\/posts\/44436\/revisions\/44438"}],"wp:featuredmedia":[{"embeddable":true,"href":"https:\/\/www.egemtv.com\/index.php?rest_route=\/wp\/v2\/media\/44437"}],"wp:attachment":[{"href":"https:\/\/www.egemtv.com\/index.php?rest_route=%2Fwp%2Fv2%2Fmedia&parent=44436"}],"wp:term":[{"taxonomy":"category","embeddable":true,"href":"https:\/\/www.egemtv.com\/index.php?rest_route=%2Fwp%2Fv2%2Fcategories&post=44436"},{"taxonomy":"post_tag","embeddable":true,"href":"https:\/\/www.egemtv.com\/index.php?rest_route=%2Fwp%2Fv2%2Ftags&post=44436"}],"curies":[{"name":"wp","href":"https:\/\/api.w.org\/{rel}","templated":true}]}}