{"id":44430,"date":"2025-07-25T10:35:54","date_gmt":"2025-07-25T07:35:54","guid":{"rendered":"https:\/\/www.egemtv.com\/?p=44430"},"modified":"2025-07-25T10:35:55","modified_gmt":"2025-07-25T07:35:55","slug":"baskan-erol-buharkentin-yukselisi-devam-ediyor","status":"publish","type":"post","link":"https:\/\/www.egemtv.com\/?p=44430","title":{"rendered":"Ba\u015fkan Erol: &#8220;Buharkent\u2019in y\u00fckseli\u015fi devam ediyor&#8221;"},"content":{"rendered":"<p>Buharkent Belediye Ba\u015fkan\u0131 Mehmet Erol, Organize Sanayi B\u00f6lgesi Evsel ve End\u00fcstriyel At\u0131k Su Ar\u0131tma Tesisi i\u00e7in \u00e7al\u0131\u015fmalar\u0131n h\u0131z kesmeden s\u00fcrd\u00fc\u011f\u00fcn\u00fc ifade ederek &#8220;Buharkent\u2019in y\u00fckseli\u015fi devam ediyor&#8221; dedi.<\/p>\n<p>Buharkent Belediye Ba\u015fkan\u0131 ve OSB Y\u00f6netim Kurulu Ba\u015fkan\u0131 Mehmet Erol, Sanayi ve Teknoloji Bakanl\u0131\u011f\u0131n\u0131n kredi deste\u011fi ile Buharkent Organize Sanayi B\u00f6lgesi M\u00fcte\u015febbis Heyetinin sorumlulu\u011fu alt\u0131nda yap\u0131lacak olan, Buharkent Organize Sanayi B\u00f6lgesi Evsel ve End\u00fcstriyel At\u0131k Su Ar\u0131tma Tesisi yap\u0131m i\u015finin devam etti\u011fini a\u00e7\u0131klad\u0131. G\u00fcnl\u00fck 2 bin metrek\u00fcp kapasiteye sahip olacak olan tesis alan\u0131nda incelemelerde bulunan Ba\u015fkan Erol, tesis ile birlikte OSB\u2019nin tam kapasiteye ula\u015faca\u011f\u0131n\u0131 belirtti. Buharkent\u2019in y\u00fckseli\u015finin devam etti\u011fini ve tesisin hay\u0131rl\u0131 olmas\u0131 temennisinde bulunan Buharkent Belediye Ba\u015fkan\u0131 Mehmet Erol; &#8220;Buharkent Organize Sanayi B\u00f6lgesi\u2019nde sanayimizin gelece\u011fini \u015fekillendirecek \u00f6nemli bir yat\u0131r\u0131m\u0131 daha hayata ge\u00e7iriyoruz. Evsel ve End\u00fcstriyel At\u0131k Su Ar\u0131tma Tesisi in\u015faat\u0131m\u0131z t\u00fcm h\u0131z\u0131yla devam ediyor. Bu stratejik altyap\u0131 sayesinde OSB\u2019miz tam kapasiteye ula\u015facak, istihdam ve yat\u0131r\u0131m artacak, s\u00fcrd\u00fcr\u00fclebilir \u00fcretim \u015fartlar\u0131 g\u00fc\u00e7lenecek. Buharkent\u2019in y\u00fckseli\u015fi devam ediyor&#8221; dedi.<br \/><\/p>\n","protected":false},"excerpt":{"rendered":"<p>Buharkent Belediye Ba\u015fkan\u0131 Mehmet Erol, Organize Sanayi B\u00f6lgesi Evsel ve End\u00fcstriyel At\u0131k Su Ar\u0131tma Tesisi i\u00e7in \u00e7al\u0131\u015fmalar\u0131n h\u0131z kesmeden s\u00fcrd\u00fc\u011f\u00fcn\u00fc ifade ederek &#8220;Buharkent\u2019in y\u00fckseli\u015fi devam ediyor&#8221; dedi. Buharkent Belediye Ba\u015fkan\u0131 ve OSB Y\u00f6netim Kurulu Ba\u015fkan\u0131 Mehmet Erol, Sanayi ve Teknoloji Bakanl\u0131\u011f\u0131n\u0131n kredi deste\u011fi ile Buharkent Organize Sanayi B\u00f6lgesi M\u00fcte\u015febbis Heyetinin sorumlulu\u011fu alt\u0131nda yap\u0131lacak olan, Buharkent&#8230;<\/p>\n","protected":false},"author":1,"featured_media":44431,"comment_status":"open","ping_status":"open","sticky":false,"template":"","format":"standard","meta":{"_crdt_document":"","footnotes":""},"categories":[125],"tags":[],"class_list":["post-44430","post","type-post","status-publish","format-standard","has-post-thumbnail","hentry","category-ekonomi"],"_links":{"self":[{"href":"https:\/\/www.egemtv.com\/index.php?rest_route=\/wp\/v2\/posts\/44430","targetHints":{"allow":["GET"]}}],"collection":[{"href":"https:\/\/www.egemtv.com\/index.php?rest_route=\/wp\/v2\/posts"}],"about":[{"href":"https:\/\/www.egemtv.com\/index.php?rest_route=\/wp\/v2\/types\/post"}],"author":[{"embeddable":true,"href":"https:\/\/www.egemtv.com\/index.php?rest_route=\/wp\/v2\/users\/1"}],"replies":[{"embeddable":true,"href":"https:\/\/www.egemtv.com\/index.php?rest_route=%2Fwp%2Fv2%2Fcomments&post=44430"}],"version-history":[{"count":1,"href":"https:\/\/www.egemtv.com\/index.php?rest_route=\/wp\/v2\/posts\/44430\/revisions"}],"predecessor-version":[{"id":44432,"href":"https:\/\/www.egemtv.com\/index.php?rest_route=\/wp\/v2\/posts\/44430\/revisions\/44432"}],"wp:featuredmedia":[{"embeddable":true,"href":"https:\/\/www.egemtv.com\/index.php?rest_route=\/wp\/v2\/media\/44431"}],"wp:attachment":[{"href":"https:\/\/www.egemtv.com\/index.php?rest_route=%2Fwp%2Fv2%2Fmedia&parent=44430"}],"wp:term":[{"taxonomy":"category","embeddable":true,"href":"https:\/\/www.egemtv.com\/index.php?rest_route=%2Fwp%2Fv2%2Fcategories&post=44430"},{"taxonomy":"post_tag","embeddable":true,"href":"https:\/\/www.egemtv.com\/index.php?rest_route=%2Fwp%2Fv2%2Ftags&post=44430"}],"curies":[{"name":"wp","href":"https:\/\/api.w.org\/{rel}","templated":true}]}}