{"id":44427,"date":"2025-07-25T10:35:52","date_gmt":"2025-07-25T07:35:52","guid":{"rendered":"https:\/\/www.egemtv.com\/?p=44427"},"modified":"2025-07-25T10:35:54","modified_gmt":"2025-07-25T07:35:54","slug":"burdurda-refuje-carpan-motosiklet-surucusu-hayatini-kaybetti","status":"publish","type":"post","link":"https:\/\/www.egemtv.com\/?p=44427","title":{"rendered":"Burdur\u2019da ref\u00fcje \u00e7arpan motosiklet s\u00fcr\u00fcc\u00fcs\u00fc hayat\u0131n\u0131 kaybetti"},"content":{"rendered":"<p>Burdur\u2019da motosikletiyle ref\u00fcje \u00e7arpan 21 ya\u015f\u0131ndaki gen\u00e7 hayat\u0131n\u0131 kaybetti.<br \/>\n<br \/>Kaza, saat 02.54 s\u0131ralar\u0131nda Bah\u00e7elievler Mahallesi B\u00fclent Ecevit Bulvar\u0131 Valilik Konutu istikametinde meydana geldi. Edinilen bilgiye g\u00f6re, Kemal Efe Bettemir (21) idaresindeki 15 ADD 694 plakal\u0131 motosiklet, s\u00fcr\u00fcc\u00fcs\u00fcn\u00fcn gidon hakimiyetini kaybetmesi sonucu kontrolden \u00e7\u0131karak ref\u00fcje \u00e7arpt\u0131. Kazay\u0131 g\u00f6renlerin 112 Acil \u00c7a\u011fr\u0131 Merkezine yapt\u0131\u011f\u0131 ihbarla olay yerine sa\u011fl\u0131k ve polis ekipleri sevk edildi. Sa\u011fl\u0131k ekiplerinin yapt\u0131\u011f\u0131 kontrollerde gen\u00e7 s\u00fcr\u00fcc\u00fcn\u00fcn olay yerinde hayat\u0131n\u0131 kaybetti\u011fi belirlendi. Hayat\u0131n\u0131 kaybeden Kemal Efe Bettemir\u2019in, Burdur Emniyet M\u00fcd\u00fcrl\u00fc\u011f\u00fc Asayi\u015f \u015eube M\u00fcd\u00fcrl\u00fc\u011f\u00fc\u2019nde g\u00f6rev yapan bir polis memurunun o\u011flu oldu\u011fu \u00f6\u011frenildi. Kaza ile ilgili soru\u015fturma ba\u015flat\u0131ld\u0131.<br \/><\/p>\n","protected":false},"excerpt":{"rendered":"<p>Burdur\u2019da motosikletiyle ref\u00fcje \u00e7arpan 21 ya\u015f\u0131ndaki gen\u00e7 hayat\u0131n\u0131 kaybetti. Kaza, saat 02.54 s\u0131ralar\u0131nda Bah\u00e7elievler Mahallesi B\u00fclent Ecevit Bulvar\u0131 Valilik Konutu istikametinde meydana geldi. Edinilen bilgiye g\u00f6re, Kemal Efe Bettemir (21) idaresindeki 15 ADD 694 plakal\u0131 motosiklet, s\u00fcr\u00fcc\u00fcs\u00fcn\u00fcn gidon hakimiyetini kaybetmesi sonucu kontrolden \u00e7\u0131karak ref\u00fcje \u00e7arpt\u0131. Kazay\u0131 g\u00f6renlerin 112 Acil \u00c7a\u011fr\u0131 Merkezine yapt\u0131\u011f\u0131 ihbarla olay yerine&#8230;<\/p>\n","protected":false},"author":1,"featured_media":44428,"comment_status":"open","ping_status":"open","sticky":false,"template":"","format":"standard","meta":{"_crdt_document":"","footnotes":""},"categories":[5],"tags":[],"class_list":["post-44427","post","type-post","status-publish","format-standard","has-post-thumbnail","hentry","category-asayis"],"_links":{"self":[{"href":"https:\/\/www.egemtv.com\/index.php?rest_route=\/wp\/v2\/posts\/44427","targetHints":{"allow":["GET"]}}],"collection":[{"href":"https:\/\/www.egemtv.com\/index.php?rest_route=\/wp\/v2\/posts"}],"about":[{"href":"https:\/\/www.egemtv.com\/index.php?rest_route=\/wp\/v2\/types\/post"}],"author":[{"embeddable":true,"href":"https:\/\/www.egemtv.com\/index.php?rest_route=\/wp\/v2\/users\/1"}],"replies":[{"embeddable":true,"href":"https:\/\/www.egemtv.com\/index.php?rest_route=%2Fwp%2Fv2%2Fcomments&post=44427"}],"version-history":[{"count":1,"href":"https:\/\/www.egemtv.com\/index.php?rest_route=\/wp\/v2\/posts\/44427\/revisions"}],"predecessor-version":[{"id":44429,"href":"https:\/\/www.egemtv.com\/index.php?rest_route=\/wp\/v2\/posts\/44427\/revisions\/44429"}],"wp:featuredmedia":[{"embeddable":true,"href":"https:\/\/www.egemtv.com\/index.php?rest_route=\/wp\/v2\/media\/44428"}],"wp:attachment":[{"href":"https:\/\/www.egemtv.com\/index.php?rest_route=%2Fwp%2Fv2%2Fmedia&parent=44427"}],"wp:term":[{"taxonomy":"category","embeddable":true,"href":"https:\/\/www.egemtv.com\/index.php?rest_route=%2Fwp%2Fv2%2Fcategories&post=44427"},{"taxonomy":"post_tag","embeddable":true,"href":"https:\/\/www.egemtv.com\/index.php?rest_route=%2Fwp%2Fv2%2Ftags&post=44427"}],"curies":[{"name":"wp","href":"https:\/\/api.w.org\/{rel}","templated":true}]}}