{"id":44424,"date":"2025-07-25T10:15:12","date_gmt":"2025-07-25T07:15:12","guid":{"rendered":"https:\/\/www.egemtv.com\/?p=44424"},"modified":"2025-07-25T10:15:13","modified_gmt":"2025-07-25T07:15:13","slug":"manisada-tir-elektrikli-motosiklete-carpti-6-yarali","status":"publish","type":"post","link":"https:\/\/www.egemtv.com\/?p=44424","title":{"rendered":"Manisa\u2019da t\u0131r elektrikli motosiklete \u00e7arpt\u0131: 6 yaral\u0131"},"content":{"rendered":"<p>Manisa\u2019n\u0131n K\u0131rka\u011fa\u00e7 il\u00e7esinde t\u0131r\u0131n \u00e7arpt\u0131\u011f\u0131 3 tekerlekli elektrikli motosikletteki 6 ki\u015fi yaraland\u0131.<br \/>\n<br \/>Edinilen bilgiye g\u00f6re, kaza, K\u0131rka\u011fa\u00e7 il\u00e7esi D-240 kara yolu \u00fczerinde meydana geldi. K\u0131rka\u011fa\u00e7 y\u00f6n\u00fcnde seyreden O.E. (59)\u2019un idaresindeki 10 Y 4212 plakal\u0131 t\u0131r, ayn\u0131 y\u00f6nde giden M.C.K\u2019nin (17) kulland\u0131\u011f\u0131 45 AVZ 233 plakal\u0131 3 tekerlekli elektrikli motosiklete \u00e7arpt\u0131. Kazada t\u0131r s\u00fcr\u00fcc\u00fcs\u00fc arac\u0131yla olay yerinden ka\u00e7arken elektrikli motosiklette s\u00fcr\u00fcc\u00fc M.C.K. ile A.K. (41), N.N.Y. (18), T.K. (3), P.Y. (44) ve A.K. (13) yaraland\u0131. \u0130hbar \u00fczerine b\u00f6lgeye \u00e7ok say\u0131da ambulans ve jandarma ekibi sevk edildi. K\u0131rka\u011fa\u00e7, Soma ve Akhisar\u2019daki hastanelere kald\u0131r\u0131lan yaral\u0131lar\u0131n sa\u011fl\u0131k durumlar\u0131n\u0131n iyi oldu\u011fu \u00f6\u011frenildi. Kaza sonras\u0131 ka\u00e7an t\u0131r s\u00fcr\u00fcc\u00fcs\u00fc O.E. ise arac\u0131yla birlikte Gelenbe Mahallesi yak\u0131nlar\u0131nda yakaland\u0131.<br \/>\n<br \/>Kazayla ilgili inceleme ba\u015flat\u0131ld\u0131.<br \/><\/p>\n","protected":false},"excerpt":{"rendered":"<p>Manisa\u2019n\u0131n K\u0131rka\u011fa\u00e7 il\u00e7esinde t\u0131r\u0131n \u00e7arpt\u0131\u011f\u0131 3 tekerlekli elektrikli motosikletteki 6 ki\u015fi yaraland\u0131. Edinilen bilgiye g\u00f6re, kaza, K\u0131rka\u011fa\u00e7 il\u00e7esi D-240 kara yolu \u00fczerinde meydana geldi. K\u0131rka\u011fa\u00e7 y\u00f6n\u00fcnde seyreden O.E. (59)\u2019un idaresindeki 10 Y 4212 plakal\u0131 t\u0131r, ayn\u0131 y\u00f6nde giden M.C.K\u2019nin (17) kulland\u0131\u011f\u0131 45 AVZ 233 plakal\u0131 3 tekerlekli elektrikli motosiklete \u00e7arpt\u0131. Kazada t\u0131r s\u00fcr\u00fcc\u00fcs\u00fc arac\u0131yla olay&#8230;<\/p>\n","protected":false},"author":1,"featured_media":44425,"comment_status":"open","ping_status":"open","sticky":false,"template":"","format":"standard","meta":{"_crdt_document":"","footnotes":""},"categories":[5],"tags":[],"class_list":["post-44424","post","type-post","status-publish","format-standard","has-post-thumbnail","hentry","category-asayis"],"_links":{"self":[{"href":"https:\/\/www.egemtv.com\/index.php?rest_route=\/wp\/v2\/posts\/44424","targetHints":{"allow":["GET"]}}],"collection":[{"href":"https:\/\/www.egemtv.com\/index.php?rest_route=\/wp\/v2\/posts"}],"about":[{"href":"https:\/\/www.egemtv.com\/index.php?rest_route=\/wp\/v2\/types\/post"}],"author":[{"embeddable":true,"href":"https:\/\/www.egemtv.com\/index.php?rest_route=\/wp\/v2\/users\/1"}],"replies":[{"embeddable":true,"href":"https:\/\/www.egemtv.com\/index.php?rest_route=%2Fwp%2Fv2%2Fcomments&post=44424"}],"version-history":[{"count":1,"href":"https:\/\/www.egemtv.com\/index.php?rest_route=\/wp\/v2\/posts\/44424\/revisions"}],"predecessor-version":[{"id":44426,"href":"https:\/\/www.egemtv.com\/index.php?rest_route=\/wp\/v2\/posts\/44424\/revisions\/44426"}],"wp:featuredmedia":[{"embeddable":true,"href":"https:\/\/www.egemtv.com\/index.php?rest_route=\/wp\/v2\/media\/44425"}],"wp:attachment":[{"href":"https:\/\/www.egemtv.com\/index.php?rest_route=%2Fwp%2Fv2%2Fmedia&parent=44424"}],"wp:term":[{"taxonomy":"category","embeddable":true,"href":"https:\/\/www.egemtv.com\/index.php?rest_route=%2Fwp%2Fv2%2Fcategories&post=44424"},{"taxonomy":"post_tag","embeddable":true,"href":"https:\/\/www.egemtv.com\/index.php?rest_route=%2Fwp%2Fv2%2Ftags&post=44424"}],"curies":[{"name":"wp","href":"https:\/\/api.w.org\/{rel}","templated":true}]}}