{"id":44421,"date":"2025-07-25T10:15:11","date_gmt":"2025-07-25T07:15:11","guid":{"rendered":"https:\/\/www.egemtv.com\/?p=44421"},"modified":"2025-07-25T10:15:12","modified_gmt":"2025-07-25T07:15:12","slug":"afyonkarahisarda-bitki-sagligi-faaliyetleri-devam-ediyor","status":"publish","type":"post","link":"https:\/\/www.egemtv.com\/?p=44421","title":{"rendered":"Afyonkarahisar\u2019da bitki sa\u011fl\u0131\u011f\u0131 faaliyetleri devam ediyor"},"content":{"rendered":"<p>Afyonkarahisar \u0130l Tar\u0131m ve Orman M\u00fcd\u00fcrl\u00fc\u011f\u00fc Bitkisel \u00dcretim ve Bitki Sa\u011fl\u0131\u011f\u0131 \u015eubesi teknik personeli taraf\u0131ndan y\u00fcr\u00fct\u00fclen bitki sa\u011fl\u0131\u011f\u0131 \u00e7al\u0131\u015fmalar\u0131 kapsam\u0131nda, il genelindeki tar\u0131m alanlar\u0131nda \u00fcr\u00fcn kontrolleri aral\u0131ks\u0131z s\u00fcrd\u00fcr\u00fcl\u00fcyor.<br \/>\n<br \/>Afyonkarahisar Tar\u0131m ve Orman \u0130l M\u00fcd\u00fcrl\u00fc\u011f\u00fc\u2019nden yap\u0131lan a\u00e7\u0131klamada, kent genelinde y\u00fcr\u00fct\u00fclen bitki sa\u011fl\u0131\u011f\u0131 faaliyetleri kapsam\u0131nda tar\u0131msal \u00fcretim alanlar\u0131nda zararl\u0131 organizmalara kar\u015f\u0131 kontroller devam etti\u011fi belirtildi. \u00c7al\u0131\u015fmalar \u00e7er\u00e7evesinde, m\u0131s\u0131r ekim alanlar\u0131nda bat\u0131 m\u0131s\u0131r k\u00f6k kurdu zararl\u0131s\u0131na y\u00f6nelik s\u00fcrvey faaliyetleri y\u00fcr\u00fct\u00fcld\u00fc\u011f\u00fc ifade edilen a\u00e7\u0131klamada, zararl\u0131n\u0131n pop\u00fclasyon takibi ise feromon tuzaklar\u0131 ile sa\u011fland\u0131\u011f\u0131 kaydedildi. A\u00e7\u0131klaman\u0131n devam\u0131nda ise; &#8220;A\u00e7\u0131k alanda domates yeti\u015ftiricili\u011fi yap\u0131lan b\u00f6lgelerde Domates G\u00fcvesi (Tuta absoluta) takibi devam ederken, patates ekim alanlar\u0131nda da \u00e7e\u015fitli hastal\u0131k ve zararl\u0131lara kar\u015f\u0131 g\u00f6zlem ve kontroller ger\u00e7ekle\u015ftiriliyor. Yap\u0131lan bu \u00e7al\u0131\u015fmalarla, \u00fcr\u00fcn kay\u0131plar\u0131n\u0131n \u00f6nlenmesi, kalite ve verimin korunmas\u0131, zararl\u0131lar\u0131n erken tespiti ve etkili m\u00fccadele y\u00f6ntemlerinin zaman\u0131nda uygulanmas\u0131 ama\u00e7lan\u0131yor&#8221; denildi.<br \/><\/p>\n","protected":false},"excerpt":{"rendered":"<p>Afyonkarahisar \u0130l Tar\u0131m ve Orman M\u00fcd\u00fcrl\u00fc\u011f\u00fc Bitkisel \u00dcretim ve Bitki Sa\u011fl\u0131\u011f\u0131 \u015eubesi teknik personeli taraf\u0131ndan y\u00fcr\u00fct\u00fclen bitki sa\u011fl\u0131\u011f\u0131 \u00e7al\u0131\u015fmalar\u0131 kapsam\u0131nda, il genelindeki tar\u0131m alanlar\u0131nda \u00fcr\u00fcn kontrolleri aral\u0131ks\u0131z s\u00fcrd\u00fcr\u00fcl\u00fcyor. Afyonkarahisar Tar\u0131m ve Orman \u0130l M\u00fcd\u00fcrl\u00fc\u011f\u00fc\u2019nden yap\u0131lan a\u00e7\u0131klamada, kent genelinde y\u00fcr\u00fct\u00fclen bitki sa\u011fl\u0131\u011f\u0131 faaliyetleri kapsam\u0131nda tar\u0131msal \u00fcretim alanlar\u0131nda zararl\u0131 organizmalara kar\u015f\u0131 kontroller devam etti\u011fi belirtildi. \u00c7al\u0131\u015fmalar \u00e7er\u00e7evesinde,&#8230;<\/p>\n","protected":false},"author":1,"featured_media":44422,"comment_status":"open","ping_status":"open","sticky":false,"template":"","format":"standard","meta":{"_crdt_document":"","footnotes":""},"categories":[1],"tags":[],"class_list":["post-44421","post","type-post","status-publish","format-standard","has-post-thumbnail","hentry","category-guncel"],"_links":{"self":[{"href":"https:\/\/www.egemtv.com\/index.php?rest_route=\/wp\/v2\/posts\/44421","targetHints":{"allow":["GET"]}}],"collection":[{"href":"https:\/\/www.egemtv.com\/index.php?rest_route=\/wp\/v2\/posts"}],"about":[{"href":"https:\/\/www.egemtv.com\/index.php?rest_route=\/wp\/v2\/types\/post"}],"author":[{"embeddable":true,"href":"https:\/\/www.egemtv.com\/index.php?rest_route=\/wp\/v2\/users\/1"}],"replies":[{"embeddable":true,"href":"https:\/\/www.egemtv.com\/index.php?rest_route=%2Fwp%2Fv2%2Fcomments&post=44421"}],"version-history":[{"count":1,"href":"https:\/\/www.egemtv.com\/index.php?rest_route=\/wp\/v2\/posts\/44421\/revisions"}],"predecessor-version":[{"id":44423,"href":"https:\/\/www.egemtv.com\/index.php?rest_route=\/wp\/v2\/posts\/44421\/revisions\/44423"}],"wp:featuredmedia":[{"embeddable":true,"href":"https:\/\/www.egemtv.com\/index.php?rest_route=\/wp\/v2\/media\/44422"}],"wp:attachment":[{"href":"https:\/\/www.egemtv.com\/index.php?rest_route=%2Fwp%2Fv2%2Fmedia&parent=44421"}],"wp:term":[{"taxonomy":"category","embeddable":true,"href":"https:\/\/www.egemtv.com\/index.php?rest_route=%2Fwp%2Fv2%2Fcategories&post=44421"},{"taxonomy":"post_tag","embeddable":true,"href":"https:\/\/www.egemtv.com\/index.php?rest_route=%2Fwp%2Fv2%2Ftags&post=44421"}],"curies":[{"name":"wp","href":"https:\/\/api.w.org\/{rel}","templated":true}]}}