{"id":44418,"date":"2025-07-25T10:15:11","date_gmt":"2025-07-25T07:15:11","guid":{"rendered":"https:\/\/www.egemtv.com\/?p=44418"},"modified":"2025-07-25T10:15:11","modified_gmt":"2025-07-25T07:15:11","slug":"dazkiridaki-ciftlik-koyu-baraj-goletinde-baliklandirma-yapildi","status":"publish","type":"post","link":"https:\/\/www.egemtv.com\/?p=44418","title":{"rendered":"Dazk\u0131r\u0131\u2019daki \u00c7iftlik k\u00f6y\u00fc baraj g\u00f6letinde bal\u0131kland\u0131rma yap\u0131ld\u0131"},"content":{"rendered":"<p>Afyonkarahisar\u2019\u0131n Dazk\u0131r\u0131 il\u00e7esine ba\u011fl\u0131 \u00c7iftlik K\u00f6y\u00fc\u2019nde bulunan baraj g\u00f6letine bal\u0131kland\u0131rma \u00e7al\u0131\u015fmas\u0131 ger\u00e7ekle\u015ftirildi.<br \/>\n<br \/>Tar\u0131m ve Orman Bakanl\u0131\u011f\u0131 taraf\u0131ndan y\u00fcr\u00fct\u00fclen bal\u0131kland\u0131rma program\u0131 kapsam\u0131nda yap\u0131lan \u00e7al\u0131\u015fmayla, i\u00e7 su kaynaklar\u0131ndaki bal\u0131k pop\u00fclasyonlar\u0131n\u0131n desteklenmesi ve g\u00f6l ekosisteminin canl\u0131 tutulmas\u0131 ama\u00e7lan\u0131yor. Yap\u0131lan bal\u0131kland\u0131rmada, sportif ve ticari avc\u0131l\u0131kta yayg\u0131n olarak tercih edilen do\u011fal t\u00fcrlerden biri olan pullu sazan kullan\u0131ld\u0131. Bal\u0131k stoklar\u0131n\u0131n art\u0131r\u0131lmas\u0131 ile birlikte su \u00fcr\u00fcnleri t\u00fcketiminin te\u015fvik edilmesi, buna ba\u011fl\u0131 olarak istihdam imkanlar\u0131n\u0131n art\u0131r\u0131lmas\u0131 hedefleniyor.<br \/>\n<br \/>Afyonkarahisar Tar\u0131m ve Orman \u0130l M\u00fcd\u00fcrl\u00fc\u011f\u00fc yetkilileri, bu t\u00fcr \u00e7al\u0131\u015fmalardan beklenen faydan\u0131n en \u00fcst d\u00fczeyde sa\u011flanabilmesi i\u00e7in, g\u00f6letlere b\u0131rak\u0131lan bal\u0131klar\u0131n en az bir kez yavru verecek olgunlu\u011fa ula\u015fmadan avlanmamas\u0131 gerekti\u011fine dikkat \u00e7ekti.<br \/><\/p>\n","protected":false},"excerpt":{"rendered":"<p>Afyonkarahisar\u2019\u0131n Dazk\u0131r\u0131 il\u00e7esine ba\u011fl\u0131 \u00c7iftlik K\u00f6y\u00fc\u2019nde bulunan baraj g\u00f6letine bal\u0131kland\u0131rma \u00e7al\u0131\u015fmas\u0131 ger\u00e7ekle\u015ftirildi. Tar\u0131m ve Orman Bakanl\u0131\u011f\u0131 taraf\u0131ndan y\u00fcr\u00fct\u00fclen bal\u0131kland\u0131rma program\u0131 kapsam\u0131nda yap\u0131lan \u00e7al\u0131\u015fmayla, i\u00e7 su kaynaklar\u0131ndaki bal\u0131k pop\u00fclasyonlar\u0131n\u0131n desteklenmesi ve g\u00f6l ekosisteminin canl\u0131 tutulmas\u0131 ama\u00e7lan\u0131yor. Yap\u0131lan bal\u0131kland\u0131rmada, sportif ve ticari avc\u0131l\u0131kta yayg\u0131n olarak tercih edilen do\u011fal t\u00fcrlerden biri olan pullu sazan kullan\u0131ld\u0131. Bal\u0131k stoklar\u0131n\u0131n art\u0131r\u0131lmas\u0131&#8230;<\/p>\n","protected":false},"author":1,"featured_media":44419,"comment_status":"open","ping_status":"open","sticky":false,"template":"","format":"standard","meta":{"_crdt_document":"","footnotes":""},"categories":[1],"tags":[],"class_list":["post-44418","post","type-post","status-publish","format-standard","has-post-thumbnail","hentry","category-guncel"],"_links":{"self":[{"href":"https:\/\/www.egemtv.com\/index.php?rest_route=\/wp\/v2\/posts\/44418","targetHints":{"allow":["GET"]}}],"collection":[{"href":"https:\/\/www.egemtv.com\/index.php?rest_route=\/wp\/v2\/posts"}],"about":[{"href":"https:\/\/www.egemtv.com\/index.php?rest_route=\/wp\/v2\/types\/post"}],"author":[{"embeddable":true,"href":"https:\/\/www.egemtv.com\/index.php?rest_route=\/wp\/v2\/users\/1"}],"replies":[{"embeddable":true,"href":"https:\/\/www.egemtv.com\/index.php?rest_route=%2Fwp%2Fv2%2Fcomments&post=44418"}],"version-history":[{"count":1,"href":"https:\/\/www.egemtv.com\/index.php?rest_route=\/wp\/v2\/posts\/44418\/revisions"}],"predecessor-version":[{"id":44420,"href":"https:\/\/www.egemtv.com\/index.php?rest_route=\/wp\/v2\/posts\/44418\/revisions\/44420"}],"wp:featuredmedia":[{"embeddable":true,"href":"https:\/\/www.egemtv.com\/index.php?rest_route=\/wp\/v2\/media\/44419"}],"wp:attachment":[{"href":"https:\/\/www.egemtv.com\/index.php?rest_route=%2Fwp%2Fv2%2Fmedia&parent=44418"}],"wp:term":[{"taxonomy":"category","embeddable":true,"href":"https:\/\/www.egemtv.com\/index.php?rest_route=%2Fwp%2Fv2%2Fcategories&post=44418"},{"taxonomy":"post_tag","embeddable":true,"href":"https:\/\/www.egemtv.com\/index.php?rest_route=%2Fwp%2Fv2%2Ftags&post=44418"}],"curies":[{"name":"wp","href":"https:\/\/api.w.org\/{rel}","templated":true}]}}