{"id":44415,"date":"2025-07-25T10:15:10","date_gmt":"2025-07-25T07:15:10","guid":{"rendered":"https:\/\/www.egemtv.com\/?p=44415"},"modified":"2025-07-25T10:15:11","modified_gmt":"2025-07-25T07:15:11","slug":"kaymakam-yosunkayadan-huzurevi-sakinleriyle-bulustu","status":"publish","type":"post","link":"https:\/\/www.egemtv.com\/?p=44415","title":{"rendered":"Kaymakam Yosunkaya\u2019dan huzurevi sakinleriyle bulu\u015ftu"},"content":{"rendered":"<p>Afyonkarahisar Sand\u0131kl\u0131 Kaymakam\u0131 Sel\u00e7uk Yosunkaya, kurum ziyaretleri kapsam\u0131nda Sand\u0131kl\u0131 Sosyal Hizmet Merkezi M\u00fcd\u00fcrl\u00fc\u011f\u00fc ile H\u00fcseyin Develi Huzurevi\u2019ni ziyaret etti.<br \/>\n<br \/>Ziyaretleri s\u0131ras\u0131nda y\u00fcr\u00fct\u00fclen \u00e7al\u0131\u015fmalar hakk\u0131nda yetkililerden bilgi alan Kaymakam Yosunkaya, Huzurevi sakinleriyle de bir araya gelerek sohbet etti. Kaymakam Yosunkaya\u2019n\u0131n kurum ziyaretlerine, il\u00e7edeki kamu hizmetlerinin yerinde de\u011ferlendirilmesi ve vatanda\u015flarla do\u011frudan temas kurulmas\u0131 a\u00e7\u0131s\u0131ndan devam edece\u011fi bildirildi.<br \/><\/p>\n","protected":false},"excerpt":{"rendered":"<p>Afyonkarahisar Sand\u0131kl\u0131 Kaymakam\u0131 Sel\u00e7uk Yosunkaya, kurum ziyaretleri kapsam\u0131nda Sand\u0131kl\u0131 Sosyal Hizmet Merkezi M\u00fcd\u00fcrl\u00fc\u011f\u00fc ile H\u00fcseyin Develi Huzurevi\u2019ni ziyaret etti. Ziyaretleri s\u0131ras\u0131nda y\u00fcr\u00fct\u00fclen \u00e7al\u0131\u015fmalar hakk\u0131nda yetkililerden bilgi alan Kaymakam Yosunkaya, Huzurevi sakinleriyle de bir araya gelerek sohbet etti. Kaymakam Yosunkaya\u2019n\u0131n kurum ziyaretlerine, il\u00e7edeki kamu hizmetlerinin yerinde de\u011ferlendirilmesi ve vatanda\u015flarla do\u011frudan temas kurulmas\u0131 a\u00e7\u0131s\u0131ndan devam edece\u011fi bildirildi.<\/p>\n","protected":false},"author":1,"featured_media":44416,"comment_status":"open","ping_status":"open","sticky":false,"template":"","format":"standard","meta":{"_crdt_document":"","footnotes":""},"categories":[1],"tags":[],"class_list":["post-44415","post","type-post","status-publish","format-standard","has-post-thumbnail","hentry","category-guncel"],"_links":{"self":[{"href":"https:\/\/www.egemtv.com\/index.php?rest_route=\/wp\/v2\/posts\/44415","targetHints":{"allow":["GET"]}}],"collection":[{"href":"https:\/\/www.egemtv.com\/index.php?rest_route=\/wp\/v2\/posts"}],"about":[{"href":"https:\/\/www.egemtv.com\/index.php?rest_route=\/wp\/v2\/types\/post"}],"author":[{"embeddable":true,"href":"https:\/\/www.egemtv.com\/index.php?rest_route=\/wp\/v2\/users\/1"}],"replies":[{"embeddable":true,"href":"https:\/\/www.egemtv.com\/index.php?rest_route=%2Fwp%2Fv2%2Fcomments&post=44415"}],"version-history":[{"count":1,"href":"https:\/\/www.egemtv.com\/index.php?rest_route=\/wp\/v2\/posts\/44415\/revisions"}],"predecessor-version":[{"id":44417,"href":"https:\/\/www.egemtv.com\/index.php?rest_route=\/wp\/v2\/posts\/44415\/revisions\/44417"}],"wp:featuredmedia":[{"embeddable":true,"href":"https:\/\/www.egemtv.com\/index.php?rest_route=\/wp\/v2\/media\/44416"}],"wp:attachment":[{"href":"https:\/\/www.egemtv.com\/index.php?rest_route=%2Fwp%2Fv2%2Fmedia&parent=44415"}],"wp:term":[{"taxonomy":"category","embeddable":true,"href":"https:\/\/www.egemtv.com\/index.php?rest_route=%2Fwp%2Fv2%2Fcategories&post=44415"},{"taxonomy":"post_tag","embeddable":true,"href":"https:\/\/www.egemtv.com\/index.php?rest_route=%2Fwp%2Fv2%2Ftags&post=44415"}],"curies":[{"name":"wp","href":"https:\/\/api.w.org\/{rel}","templated":true}]}}