{"id":44412,"date":"2025-07-25T10:15:08","date_gmt":"2025-07-25T07:15:08","guid":{"rendered":"https:\/\/www.egemtv.com\/?p=44412"},"modified":"2025-07-25T10:15:10","modified_gmt":"2025-07-25T07:15:10","slug":"il-saglik-muduru-ozturk-cayirbagi-ziyaret-etti","status":"publish","type":"post","link":"https:\/\/www.egemtv.com\/?p=44412","title":{"rendered":"\u0130l Sa\u011fl\u0131k M\u00fcd\u00fcr\u00fc \u00d6zt\u00fcrk, \u00c7ay\u0131rba\u011f\u2019\u0131 ziyaret etti"},"content":{"rendered":"<p>Afyonkarahisar \u0130l Sa\u011fl\u0131k M\u00fcd\u00fcr\u00fc Dr. Hakk\u0131 \u00d6zt\u00fcrk, Sa\u011fl\u0131k Hizmetleri Ba\u015fkan\u0131 Dr. \u0130lker Ahmet \u00c7\u0131nar ile birlikte \u00c7ay\u0131rba\u011f beldesinde bir dizi ziyarette bulundu.<br \/>\n<br \/>Ziyaret kapsam\u0131nda ilk olarak \u00d6zt\u00fcrk, \u00c7ay\u0131rba\u011f Aile Sa\u011fl\u0131\u011f\u0131 Merkezi\u2019ne giderek sa\u011fl\u0131k hizmetlerinin y\u00fcr\u00fct\u00fclme s\u00fcre\u00e7lerini yerinde inceledi. \u0130l Sa\u011fl\u0131k M\u00fcd\u00fcr\u00fc \u00d6zt\u00fcrk, merkezde g\u00f6rev yapan sorumlu hekim ve sa\u011fl\u0131k \u00e7al\u0131\u015fanlar\u0131ndan bilgi ald\u0131 ve mevcut hizmetlerle ilgili de\u011ferlendirmelerde bulundu. \u00d6zt\u00fcrk\u2019\u00fcn, sa\u011fl\u0131k hizmetlerinin etkinli\u011fini art\u0131rmak amac\u0131yla sahadaki inceleme ve isti\u015farelerine \u00f6n\u00fcm\u00fczdeki s\u00fcre\u00e7te de devam edece\u011fi bildirildi.<br \/><\/p>\n","protected":false},"excerpt":{"rendered":"<p>Afyonkarahisar \u0130l Sa\u011fl\u0131k M\u00fcd\u00fcr\u00fc Dr. Hakk\u0131 \u00d6zt\u00fcrk, Sa\u011fl\u0131k Hizmetleri Ba\u015fkan\u0131 Dr. \u0130lker Ahmet \u00c7\u0131nar ile birlikte \u00c7ay\u0131rba\u011f beldesinde bir dizi ziyarette bulundu. Ziyaret kapsam\u0131nda ilk olarak \u00d6zt\u00fcrk, \u00c7ay\u0131rba\u011f Aile Sa\u011fl\u0131\u011f\u0131 Merkezi\u2019ne giderek sa\u011fl\u0131k hizmetlerinin y\u00fcr\u00fct\u00fclme s\u00fcre\u00e7lerini yerinde inceledi. \u0130l Sa\u011fl\u0131k M\u00fcd\u00fcr\u00fc \u00d6zt\u00fcrk, merkezde g\u00f6rev yapan sorumlu hekim ve sa\u011fl\u0131k \u00e7al\u0131\u015fanlar\u0131ndan bilgi ald\u0131 ve mevcut hizmetlerle&#8230;<\/p>\n","protected":false},"author":1,"featured_media":44413,"comment_status":"open","ping_status":"open","sticky":false,"template":"","format":"standard","meta":{"_crdt_document":"","footnotes":""},"categories":[2],"tags":[],"class_list":["post-44412","post","type-post","status-publish","format-standard","has-post-thumbnail","hentry","category-saglik"],"_links":{"self":[{"href":"https:\/\/www.egemtv.com\/index.php?rest_route=\/wp\/v2\/posts\/44412","targetHints":{"allow":["GET"]}}],"collection":[{"href":"https:\/\/www.egemtv.com\/index.php?rest_route=\/wp\/v2\/posts"}],"about":[{"href":"https:\/\/www.egemtv.com\/index.php?rest_route=\/wp\/v2\/types\/post"}],"author":[{"embeddable":true,"href":"https:\/\/www.egemtv.com\/index.php?rest_route=\/wp\/v2\/users\/1"}],"replies":[{"embeddable":true,"href":"https:\/\/www.egemtv.com\/index.php?rest_route=%2Fwp%2Fv2%2Fcomments&post=44412"}],"version-history":[{"count":1,"href":"https:\/\/www.egemtv.com\/index.php?rest_route=\/wp\/v2\/posts\/44412\/revisions"}],"predecessor-version":[{"id":44414,"href":"https:\/\/www.egemtv.com\/index.php?rest_route=\/wp\/v2\/posts\/44412\/revisions\/44414"}],"wp:featuredmedia":[{"embeddable":true,"href":"https:\/\/www.egemtv.com\/index.php?rest_route=\/wp\/v2\/media\/44413"}],"wp:attachment":[{"href":"https:\/\/www.egemtv.com\/index.php?rest_route=%2Fwp%2Fv2%2Fmedia&parent=44412"}],"wp:term":[{"taxonomy":"category","embeddable":true,"href":"https:\/\/www.egemtv.com\/index.php?rest_route=%2Fwp%2Fv2%2Fcategories&post=44412"},{"taxonomy":"post_tag","embeddable":true,"href":"https:\/\/www.egemtv.com\/index.php?rest_route=%2Fwp%2Fv2%2Ftags&post=44412"}],"curies":[{"name":"wp","href":"https:\/\/api.w.org\/{rel}","templated":true}]}}