{"id":44409,"date":"2025-07-25T09:54:53","date_gmt":"2025-07-25T06:54:53","guid":{"rendered":"https:\/\/www.egemtv.com\/?p=44409"},"modified":"2025-07-25T09:54:54","modified_gmt":"2025-07-25T06:54:54","slug":"baskan-putunden-orman-sehitlerine-duygusal-veda-yuregimiz-yandi","status":"publish","type":"post","link":"https:\/\/www.egemtv.com\/?p=44409","title":{"rendered":"Ba\u015fkan P\u00fct\u00fcn\u2019den orman \u015fehitlerine duygusal veda; &#8220;Y\u00fcre\u011fimiz yand\u0131&#8221;"},"content":{"rendered":"<p>Eski\u015fehir\u2019in Seyitgazi il\u00e7esinde meydana gelen orman yang\u0131n\u0131nda alevlerin aras\u0131nda kalarak \u015fehit olan Beya\u011fa\u00e7l\u0131 orman i\u015f\u00e7ilerini son yolculuklar\u0131na u\u011furlayan Belediye Ba\u015fkan\u0131 Sezayi P\u00fct\u00fcn, &#8220;Y\u00fcre\u011fimiz yang\u0131n, \u00fclkemizin ve Beya\u011fa\u00e7\u2019\u0131n ba\u015f\u0131 sa\u011f olsun&#8221; dedi.<\/p>\n<p>Eski\u015fehir\u2019in Seyitgazi il\u00e7esinde meydana gelen orman yang\u0131n\u0131nda alevlerin aras\u0131nda kalarak \u015fehit olan 5 orman i\u015f\u00e7isi ve 5 AKUT g\u00f6n\u00fcll\u00fcs\u00fc aras\u0131nda bulunan Beya\u011fa\u00e7\u2019\u0131n Geri\u00e7am Mahallesi\u2019nden Hilmi \u015eahin ile Sazak Mahallesi\u2019nden Sercan Utni d\u00fczenlenen t\u00f6renle son yolculuklar\u0131na dualarla u\u011furlad\u0131.<\/p>\n<p>\u015eehit ormanc\u0131lar\u0131n ac\u0131l\u0131 ailelerini yaln\u0131z b\u0131rakmayan Beya\u011fa\u00e7 Belediye Ba\u015fkan\u0131 Sezayi P\u00fct\u00fcn, &#8220;Beya\u011fa\u00e7l\u0131 hem\u015fehrilerimiz, Eskere Orman \u0130\u015fletme M\u00fcd\u00fcrl\u00fc\u011f\u00fc personellerinden \u015fehit Hilmi \u015eahinile \u015fehit Sercan Utni\u2019yi \u00f6nce Denizli Orman B\u00f6lge M\u00fcd\u00fcrl\u00fc\u011f\u00fcnde, ard\u0131ndan Geri\u00e7am ve Sazak mahallelerimizde d\u00fczenlenen t\u00f6renlerle dualarla son yolculuklar\u0131na u\u011furlad\u0131k. Vatan topra\u011f\u0131 i\u00e7in canla ba\u015fla m\u00fccadele ederken hayat\u0131n\u0131 kaybeden t\u00fcm \u015fehitlerimize Allah\u2019tan rahmet; kederli ailelerine, yak\u0131nlar\u0131na ve aziz milletimize sab\u0131r ve ba\u015fsa\u011fl\u0131\u011f\u0131 diliyoruz. Y\u00fcre\u011fimiz yang\u0131n, \u00fclkemizin ve Beya\u011fa\u00e7\u2019\u0131n ba\u015f\u0131 sa\u011f olsun&#8221; ifadelerini kulland\u0131.<br \/><\/p>\n","protected":false},"excerpt":{"rendered":"<p>Eski\u015fehir\u2019in Seyitgazi il\u00e7esinde meydana gelen orman yang\u0131n\u0131nda alevlerin aras\u0131nda kalarak \u015fehit olan Beya\u011fa\u00e7l\u0131 orman i\u015f\u00e7ilerini son yolculuklar\u0131na u\u011furlayan Belediye Ba\u015fkan\u0131 Sezayi P\u00fct\u00fcn, &#8220;Y\u00fcre\u011fimiz yang\u0131n, \u00fclkemizin ve Beya\u011fa\u00e7\u2019\u0131n ba\u015f\u0131 sa\u011f olsun&#8221; dedi. Eski\u015fehir\u2019in Seyitgazi il\u00e7esinde meydana gelen orman yang\u0131n\u0131nda alevlerin aras\u0131nda kalarak \u015fehit olan 5 orman i\u015f\u00e7isi ve 5 AKUT g\u00f6n\u00fcll\u00fcs\u00fc aras\u0131nda bulunan Beya\u011fa\u00e7\u2019\u0131n Geri\u00e7am Mahallesi\u2019nden&#8230;<\/p>\n","protected":false},"author":1,"featured_media":44410,"comment_status":"open","ping_status":"open","sticky":false,"template":"","format":"standard","meta":{"_crdt_document":"","footnotes":""},"categories":[1],"tags":[],"class_list":["post-44409","post","type-post","status-publish","format-standard","has-post-thumbnail","hentry","category-guncel"],"_links":{"self":[{"href":"https:\/\/www.egemtv.com\/index.php?rest_route=\/wp\/v2\/posts\/44409","targetHints":{"allow":["GET"]}}],"collection":[{"href":"https:\/\/www.egemtv.com\/index.php?rest_route=\/wp\/v2\/posts"}],"about":[{"href":"https:\/\/www.egemtv.com\/index.php?rest_route=\/wp\/v2\/types\/post"}],"author":[{"embeddable":true,"href":"https:\/\/www.egemtv.com\/index.php?rest_route=\/wp\/v2\/users\/1"}],"replies":[{"embeddable":true,"href":"https:\/\/www.egemtv.com\/index.php?rest_route=%2Fwp%2Fv2%2Fcomments&post=44409"}],"version-history":[{"count":1,"href":"https:\/\/www.egemtv.com\/index.php?rest_route=\/wp\/v2\/posts\/44409\/revisions"}],"predecessor-version":[{"id":44411,"href":"https:\/\/www.egemtv.com\/index.php?rest_route=\/wp\/v2\/posts\/44409\/revisions\/44411"}],"wp:featuredmedia":[{"embeddable":true,"href":"https:\/\/www.egemtv.com\/index.php?rest_route=\/wp\/v2\/media\/44410"}],"wp:attachment":[{"href":"https:\/\/www.egemtv.com\/index.php?rest_route=%2Fwp%2Fv2%2Fmedia&parent=44409"}],"wp:term":[{"taxonomy":"category","embeddable":true,"href":"https:\/\/www.egemtv.com\/index.php?rest_route=%2Fwp%2Fv2%2Fcategories&post=44409"},{"taxonomy":"post_tag","embeddable":true,"href":"https:\/\/www.egemtv.com\/index.php?rest_route=%2Fwp%2Fv2%2Ftags&post=44409"}],"curies":[{"name":"wp","href":"https:\/\/api.w.org\/{rel}","templated":true}]}}