{"id":44403,"date":"2025-07-25T09:34:56","date_gmt":"2025-07-25T06:34:56","guid":{"rendered":"https:\/\/www.egemtv.com\/?p=44403"},"modified":"2025-07-25T09:34:57","modified_gmt":"2025-07-25T06:34:57","slug":"pamuk-ureticilerine-unlu-bit-uyarisi","status":"publish","type":"post","link":"https:\/\/www.egemtv.com\/?p=44403","title":{"rendered":"Pamuk \u00fcreticilerine \u2019unlu bit\u2019 uyar\u0131s\u0131"},"content":{"rendered":"<p>Pamuk \u00fcretim alanlar\u0131ndaki pamuk unlu bitine kar\u015f\u0131 a\u00e7\u0131klama yay\u0131nlayan \u0130l Tar\u0131m ve Orman M\u00fcd\u00fcrl\u00fc\u011f\u00fc, zararl\u0131larla m\u00fccadelenin \u00f6nemine dikkat \u00e7ekerek \u00fcreticilere dikkatli olunmas\u0131 uyar\u0131s\u0131nda bulundu.<\/p>\n<p>Ayd\u0131n tar\u0131m\u0131n\u0131n tansiyonunu belirleyen pamukta sezon hareketlili\u011fi devam ederken, beyaz alt\u0131n \u00fcreticileri de \u00fcr\u00fcnlerine g\u00f6z\u00fc gibi bakmaya devam ediyor. Pamuk \u00fcretim alanlar\u0131nda yap\u0131lan kontrollerde ise baz\u0131 b\u00f6lgelerde pamuk unlu biti hastal\u0131\u011f\u0131 tespit edildi. Hastal\u0131kla m\u00fccadele \u00e7al\u0131\u015fmalar\u0131 da aral\u0131ks\u0131z devam ederken, konu ile ilgili Ayd\u0131n \u0130l Tar\u0131m ve Orman M\u00fcd\u00fcrl\u00fc\u011f\u00fc\u2019nden pamuk unlu bitine kar\u015f\u0131 a\u00e7\u0131klama yap\u0131ld\u0131. \u00d6zellikle pamu\u011fun lif kalitesini d\u00fc\u015f\u00fcren hastal\u0131k ile ilgili Ayd\u0131n \u0130l Tar\u0131m ve Orman M\u00fcd\u00fcrl\u00fc\u011f\u00fc, son y\u0131llarda pamuk \u00fcretim alanlar\u0131nda h\u0131zla yay\u0131lan pamuk unlu biti zararl\u0131s\u0131na kar\u015f\u0131 \u00fcreticileri uyard\u0131. Geni\u015f bir konuk\u00e7u dizilimine sahip olan zararl\u0131n\u0131n yaln\u0131zca pamu\u011fa de\u011fil, domates, ay\u00e7i\u00e7e\u011fi, susam gibi \u00fcr\u00fcnlerle birlikte baz\u0131 yabanc\u0131 otlara da zarar verdi\u011fine dikkat \u00e7ekildi.<\/p>\n<p>Pamuk unlu bitiyle etkili m\u00fccadele i\u00e7in kimyasal, k\u00fclt\u00fcrel y\u00f6ntemler ve \u00fcr\u00fcn m\u00fcnavebesinin birlikte uygulanmas\u0131 gerekti\u011finin alt\u0131n\u0131 \u00e7izen Ayd\u0131n \u0130l Tar\u0131m ve Orman M\u00fcd\u00fcrl\u00fc\u011f\u00fc a\u00e7\u0131klamas\u0131nda &#8220;Pamuk \u00fcretim alanlar\u0131nda son y\u0131llarda h\u0131zla yay\u0131lan ve geni\u015f konuk\u00e7u dizilimi olan pamuk unlu biti zararl\u0131s\u0131 i\u00e7in kimyasal m\u00fccadele, k\u00fclt\u00fcrel m\u00fccadele ve m\u00fcnavebe birlikte uyguland\u0131\u011f\u0131nda zararl\u0131n\u0131n pop\u00fclasyon yo\u011funlu\u011fu azalt\u0131labilir. Bu sebeple pamuk \u00fcretim alanlar\u0131 tarla kenarlar\u0131 d\u00fczenli kontrol edilmeli, zararl\u0131da unlanma artmadan m\u00fccadeleye ba\u015flanmal\u0131 bula\u015f\u0131k bitki az ise  di\u011fer bitkilere bula\u015fmadan bula\u015f\u0131k bitki imha edilmeli. Tarla kenarlar\u0131ndaki yabanc\u0131 otlar, tarla i\u00e7ine bakan y\u00fczdeki yabanc\u0131 otlar imha edilmeli yada ila\u00e7lanmal\u0131, arka taraftaki yabanc\u0131 otlar faydal\u0131 b\u00f6ceklerin ya\u015famas\u0131 i\u00e7in b\u0131rak\u0131lmal\u0131. Y\u0131l sonunda zararl\u0131 bitki art\u0131klar\u0131nda toprakta k\u0131\u015flad\u0131\u011f\u0131 i\u00e7in kesinlikle derin s\u00fcr\u00fcm yap\u0131lmal\u0131. M\u00fcnavebe m\u0131s\u0131r, bu\u011fday, arpa. tah\u0131llarla yap\u0131lmal\u0131d\u0131r. Tar\u0131m alet makinas\u0131, \u00e7izme k\u0131yafetlerle bile ta\u015f\u0131nabildi\u011fi i\u00e7in zararl\u0131 ile bula\u015f\u0131k alandan temiz alana ge\u00e7ilmemelidir. Zararl\u0131n\u0131n tespit edildi\u011fi alanlar\u0131n biti\u015fi\u011finde alternatif konuk\u00e7u bitki ekilmemeli. Hasat d\u00f6nemindeki tar\u0131m alet makine temizli\u011fine dikkat edilmeli&#8221; ifadeleri yer ald\u0131.<br \/><\/p>\n","protected":false},"excerpt":{"rendered":"<p>Pamuk \u00fcretim alanlar\u0131ndaki pamuk unlu bitine kar\u015f\u0131 a\u00e7\u0131klama yay\u0131nlayan \u0130l Tar\u0131m ve Orman M\u00fcd\u00fcrl\u00fc\u011f\u00fc, zararl\u0131larla m\u00fccadelenin \u00f6nemine dikkat \u00e7ekerek \u00fcreticilere dikkatli olunmas\u0131 uyar\u0131s\u0131nda bulundu. Ayd\u0131n tar\u0131m\u0131n\u0131n tansiyonunu belirleyen pamukta sezon hareketlili\u011fi devam ederken, beyaz alt\u0131n \u00fcreticileri de \u00fcr\u00fcnlerine g\u00f6z\u00fc gibi bakmaya devam ediyor. Pamuk \u00fcretim alanlar\u0131nda yap\u0131lan kontrollerde ise baz\u0131 b\u00f6lgelerde pamuk unlu biti hastal\u0131\u011f\u0131&#8230;<\/p>\n","protected":false},"author":1,"featured_media":44404,"comment_status":"open","ping_status":"open","sticky":false,"template":"","format":"standard","meta":{"_crdt_document":"","footnotes":""},"categories":[1],"tags":[],"class_list":["post-44403","post","type-post","status-publish","format-standard","has-post-thumbnail","hentry","category-guncel"],"_links":{"self":[{"href":"https:\/\/www.egemtv.com\/index.php?rest_route=\/wp\/v2\/posts\/44403","targetHints":{"allow":["GET"]}}],"collection":[{"href":"https:\/\/www.egemtv.com\/index.php?rest_route=\/wp\/v2\/posts"}],"about":[{"href":"https:\/\/www.egemtv.com\/index.php?rest_route=\/wp\/v2\/types\/post"}],"author":[{"embeddable":true,"href":"https:\/\/www.egemtv.com\/index.php?rest_route=\/wp\/v2\/users\/1"}],"replies":[{"embeddable":true,"href":"https:\/\/www.egemtv.com\/index.php?rest_route=%2Fwp%2Fv2%2Fcomments&post=44403"}],"version-history":[{"count":1,"href":"https:\/\/www.egemtv.com\/index.php?rest_route=\/wp\/v2\/posts\/44403\/revisions"}],"predecessor-version":[{"id":44405,"href":"https:\/\/www.egemtv.com\/index.php?rest_route=\/wp\/v2\/posts\/44403\/revisions\/44405"}],"wp:featuredmedia":[{"embeddable":true,"href":"https:\/\/www.egemtv.com\/index.php?rest_route=\/wp\/v2\/media\/44404"}],"wp:attachment":[{"href":"https:\/\/www.egemtv.com\/index.php?rest_route=%2Fwp%2Fv2%2Fmedia&parent=44403"}],"wp:term":[{"taxonomy":"category","embeddable":true,"href":"https:\/\/www.egemtv.com\/index.php?rest_route=%2Fwp%2Fv2%2Fcategories&post=44403"},{"taxonomy":"post_tag","embeddable":true,"href":"https:\/\/www.egemtv.com\/index.php?rest_route=%2Fwp%2Fv2%2Ftags&post=44403"}],"curies":[{"name":"wp","href":"https:\/\/api.w.org\/{rel}","templated":true}]}}