{"id":44400,"date":"2025-07-25T09:34:56","date_gmt":"2025-07-25T06:34:56","guid":{"rendered":"https:\/\/www.egemtv.com\/?p=44400"},"modified":"2025-07-25T09:34:56","modified_gmt":"2025-07-25T06:34:56","slug":"yuksek-teknoloji-koleji-ortaokulu-aciliyor","status":"publish","type":"post","link":"https:\/\/www.egemtv.com\/?p=44400","title":{"rendered":"Y\u00fcksek Teknoloji Koleji Ortaokulu a\u00e7\u0131l\u0131yor"},"content":{"rendered":"<p>Ayd\u0131n\u2019\u0131n devlet te\u015fvikli ilk ve tek \u00d6zel Mesleki ve Teknik Anadolu Lisesi olan Y\u00fcksek Teknoloji Koleji, mesleki e\u011fitim odakl\u0131 ortaokulu ile \u00e7ocuklar\u0131n gelece\u011fe emin ad\u0131mlarla haz\u0131rlanmas\u0131na yard\u0131mc\u0131 olmak i\u00e7in b\u00fcnyesinde ortaokul a\u00e7aca\u011f\u0131n\u0131 duyurdu. S\u0131n\u0131rl\u0131 say\u0131da kontenjanla kay\u0131tlara ba\u015flayan ortaokulda, \u00f6\u011frenciler a\u00e7\u0131l\u0131\u015fa \u00f6zel olarak lisedeki devlet te\u015fvi\u011fi oran\u0131nda e\u011fitim deste\u011finden yararlanabilecek.<\/p>\n<p>Devlet deste\u011fi ve \u00f6\u011frencilere sundu\u011fu avantajlarla Ayd\u0131n\u2019da tek olan Y\u00fcksek Teknoloji Koleji\u2019nin Koordinat\u00f6r\u00fc ve Okul M\u00fcd\u00fcr\u00fc Dr. Ramazan Ba\u015faran, mesleki e\u011fitimin \u00f6nemi ve Ayd\u0131n \u00f6zelinde ger\u00e7ekle\u015ftirmek istedikleri hedeflerini a\u00e7\u0131klad\u0131.<\/p>\n<p>&#8220;Teknolojiyi t\u00fcketen de\u011fil, \u00fcreten gen\u00e7ler yeti\u015ftirece\u011fiz&#8221;<br \/>\n<br \/>2025-2026 E\u011fitim \u00d6\u011fretim Y\u0131l\u0131\u2019nda e\u011fitime ba\u015flayacak Mesleki E\u011fitim Odakl\u0131 Ortaokul hakk\u0131nda bilgiler veren Okul Koordinat\u00f6r\u00fc Dr. Ramazan Ba\u015faran, &#8220;Milli E\u011fitim Bakanl\u0131\u011f\u0131\u2019n\u0131n y\u00f6nergelerine ve y\u00f6netmeliklerine ba\u011fl\u0131 olarak ilerleyece\u011fiz. Okulumuzda 5. ve 6. s\u0131n\u0131ftan itibaren genel ortaokul e\u011fitimin yan\u0131nda robotik kodlama, algoritma \u00f6\u011fretimi, yapay zeka e\u011fitimi gibi konular\u0131 vermeye ba\u015flayaca\u011f\u0131z. 7. ve 8. s\u0131n\u0131ftan itibaren de bunlar\u0131n yan\u0131 s\u0131ra LGS haz\u0131rl\u0131k s\u00fcre\u00e7leri olacak. 5.s\u0131n\u0131ftan itibaren art\u0131k teknolojiyi t\u00fcketen de\u011fil, \u00fcreten gen\u00e7ler yeti\u015ftirmeyi hedefliyoruz. Sadece t\u00fcketen de\u011fil bunun kodunu yazan algoritmas\u0131n\u0131 bilen yapay zekayla i\u00e7 i\u00e7e olan \u00e7a\u011f\u0131n gereklerini art\u0131k o niteliklerle o beceriyle donat\u0131lm\u0131\u015f \u00f6\u011frencileri yeti\u015ftirmeye \u00e7al\u0131\u015f\u0131yoruz. \u00d6te yandan yo\u011funla\u015ft\u0131r\u0131lm\u0131\u015f \u0130ngilizce program\u0131 uygulan\u0131yor. LGS haz\u0131rl\u0131k i\u00e7in gerekli altyap\u0131 ve \u00f6\u011fretmen donan\u0131m\u0131m\u0131z mevcut lise kademesinde olu\u015fturdu\u011fumuz at\u00f6lye ve laboratuvarlar\u0131m\u0131z ortaokul \u00f6\u011frencileri i\u00e7in sunulmas\u0131 bizim i\u00e7in \u00f6nemli bir avantaj olarak g\u00f6r\u00fcn\u00fcyor&#8221; dedi.<\/p>\n<p>&#8220;Lisedeki devlet deste\u011fi ortaokul i\u00e7in de uygulanacak&#8221;<br \/>\n<br \/>Kay\u0131t \u00fccretleri hakk\u0131nda da bilgiler veren Ba\u015faran, &#8220;Lise kademesinde mesleki ve teknik e\u011fitimde devlet te\u015fviki s\u00f6z konusu. Okulumuzdaki t\u00fcm \u00f6\u011frencilere e\u011fitim devlet te\u015fvi\u011fi verilmekte. Hen\u00fcz mesleki ortaokul d\u00fczenlemeleri tamamlanmad\u0131\u011f\u0131 i\u00e7in onlara b\u00f6yle bir devlet te\u015fvi\u011finden s\u00f6z etmemiz m\u00fcmk\u00fcn de\u011fil. Ama a\u00e7\u0131l\u0131\u015fa \u00f6zel, ilk y\u0131la \u00f6zel lise kademesinde sa\u011flanan devlet te\u015fvi\u011finin tamam\u0131 ortaokul \u00f6\u011frencilerine de sa\u011flanacak&#8221; dedi.<\/p>\n<p>&#8220;Yaln\u0131zca akademik bilgi de\u011fil beceriye de sahip olacaklar&#8221;<br \/>\n<br \/>Okuldan 8. s\u0131n\u0131ftan mezun olan ortaokul \u00f6\u011frencilerinin LGS\u2019ye haz\u0131r bir \u015fekilde mezun olaca\u011f\u0131n\u0131 vurgulayan Ba\u015faran, &#8220;Bunun yan\u0131nda teknolojik \u00e7a\u011f\u0131n\u0131n gerektirdi\u011fi becerileri de olacakt\u0131r. Bunlar neler olabilir? Yapay zeka \u00fcretme, do\u011fal dil modellerini bilme, 3D Modelleme, robotik ve tasar\u0131m gibi konularda art\u0131k hakim olacakt\u0131r. Ayr\u0131ca lise kademesine ge\u00e7i\u015fte okula kabul s\u0131nav\u0131ndan muaf olarak bir \u00fcst kademeye ge\u00e7ebilecekler. Yani sadece bir akademik bilgiyle de\u011fil ayn\u0131 zamanda bir beceriye sahip olarak okullardan mezun olacaklar&#8221; ifadelerini kulland\u0131.<br \/><\/p>\n","protected":false},"excerpt":{"rendered":"<p>Ayd\u0131n\u2019\u0131n devlet te\u015fvikli ilk ve tek \u00d6zel Mesleki ve Teknik Anadolu Lisesi olan Y\u00fcksek Teknoloji Koleji, mesleki e\u011fitim odakl\u0131 ortaokulu ile \u00e7ocuklar\u0131n gelece\u011fe emin ad\u0131mlarla haz\u0131rlanmas\u0131na yard\u0131mc\u0131 olmak i\u00e7in b\u00fcnyesinde ortaokul a\u00e7aca\u011f\u0131n\u0131 duyurdu. S\u0131n\u0131rl\u0131 say\u0131da kontenjanla kay\u0131tlara ba\u015flayan ortaokulda, \u00f6\u011frenciler a\u00e7\u0131l\u0131\u015fa \u00f6zel olarak lisedeki devlet te\u015fvi\u011fi oran\u0131nda e\u011fitim deste\u011finden yararlanabilecek. Devlet deste\u011fi ve \u00f6\u011frencilere sundu\u011fu&#8230;<\/p>\n","protected":false},"author":1,"featured_media":44401,"comment_status":"open","ping_status":"open","sticky":false,"template":"","format":"standard","meta":{"_crdt_document":"","footnotes":""},"categories":[1],"tags":[],"class_list":["post-44400","post","type-post","status-publish","format-standard","has-post-thumbnail","hentry","category-guncel"],"_links":{"self":[{"href":"https:\/\/www.egemtv.com\/index.php?rest_route=\/wp\/v2\/posts\/44400","targetHints":{"allow":["GET"]}}],"collection":[{"href":"https:\/\/www.egemtv.com\/index.php?rest_route=\/wp\/v2\/posts"}],"about":[{"href":"https:\/\/www.egemtv.com\/index.php?rest_route=\/wp\/v2\/types\/post"}],"author":[{"embeddable":true,"href":"https:\/\/www.egemtv.com\/index.php?rest_route=\/wp\/v2\/users\/1"}],"replies":[{"embeddable":true,"href":"https:\/\/www.egemtv.com\/index.php?rest_route=%2Fwp%2Fv2%2Fcomments&post=44400"}],"version-history":[{"count":1,"href":"https:\/\/www.egemtv.com\/index.php?rest_route=\/wp\/v2\/posts\/44400\/revisions"}],"predecessor-version":[{"id":44402,"href":"https:\/\/www.egemtv.com\/index.php?rest_route=\/wp\/v2\/posts\/44400\/revisions\/44402"}],"wp:featuredmedia":[{"embeddable":true,"href":"https:\/\/www.egemtv.com\/index.php?rest_route=\/wp\/v2\/media\/44401"}],"wp:attachment":[{"href":"https:\/\/www.egemtv.com\/index.php?rest_route=%2Fwp%2Fv2%2Fmedia&parent=44400"}],"wp:term":[{"taxonomy":"category","embeddable":true,"href":"https:\/\/www.egemtv.com\/index.php?rest_route=%2Fwp%2Fv2%2Fcategories&post=44400"},{"taxonomy":"post_tag","embeddable":true,"href":"https:\/\/www.egemtv.com\/index.php?rest_route=%2Fwp%2Fv2%2Ftags&post=44400"}],"curies":[{"name":"wp","href":"https:\/\/api.w.org\/{rel}","templated":true}]}}