{"id":44367,"date":"2025-07-24T22:15:24","date_gmt":"2025-07-24T19:15:24","guid":{"rendered":"https:\/\/www.egemtv.com\/?p=44367"},"modified":"2025-07-24T22:15:25","modified_gmt":"2025-07-24T19:15:25","slug":"nazilli-belediyesinden-sicak-hava-tedbiri","status":"publish","type":"post","link":"https:\/\/www.egemtv.com\/?p=44367","title":{"rendered":"Nazilli Belediyesi\u2019nden s\u0131cak hava tedbiri"},"content":{"rendered":"<p>Ayd\u0131n\u2019\u0131n Nazilli il\u00e7esinde etkili olan y\u00fcksek hava s\u0131cakl\u0131klar\u0131 nedeniyle Nazilli Belediyesi, d\u0131\u015f saha personelinin mesai saatlerinde d\u00fczenlemeye gitti.<\/p>\n<p>Nazilli Belediyesi, sa\u011fl\u0131k ve hizmet s\u00fcrd\u00fcr\u00fclebilirli\u011fi a\u00e7\u0131s\u0131ndan d\u0131\u015f saha personelinin mesai saatlerini yeniden d\u00fczenledi. Nazilli Belediyesi\u2019nden yap\u0131lan a\u00e7\u0131klamada \u00f6zellikle a\u00e7\u0131k alanda \u00e7al\u0131\u015fan personelin s\u0131cak havadan olumsuz etkilenmemesi i\u00e7in 25 &#8211; 30 Temmuz 2025 tarihleri aras\u0131nda ge\u00e7erli olacak \u015fekilde yeni mesai saatlerine ge\u00e7ildi\u011fi bildirildi. Yap\u0131lan duyuruda, &#8220;Y\u00fcksek hava s\u0131cakl\u0131klar\u0131 nedeniyle personelimizin sa\u011fl\u0131\u011f\u0131n\u0131 korumak ve hizmetlerimizin s\u00fcrd\u00fcr\u00fclebilirli\u011fini sa\u011flamak amac\u0131yla; Park ve Bah\u00e7eler M\u00fcd\u00fcrl\u00fc\u011f\u00fc, Temizlik \u0130\u015fleri M\u00fcd\u00fcrl\u00fc\u011f\u00fc ve Fen \u0130\u015fleri M\u00fcd\u00fcrl\u00fc\u011f\u00fc b\u00fcnyesinde g\u00f6rev yapan saha ekiplerimizin \u00e7al\u0131\u015fma saatleri g\u00fcncellenmi\u015ftir. Yeni \u00e7al\u0131\u015fma saatlerimiz 25 -30 Temmuz 2025 tarihleri aras\u0131nda 07.00-13.30 \u015feklinde olacakt\u0131r&#8221; ifadelerine yer verildi.<br \/><\/p>\n","protected":false},"excerpt":{"rendered":"<p>Ayd\u0131n\u2019\u0131n Nazilli il\u00e7esinde etkili olan y\u00fcksek hava s\u0131cakl\u0131klar\u0131 nedeniyle Nazilli Belediyesi, d\u0131\u015f saha personelinin mesai saatlerinde d\u00fczenlemeye gitti. Nazilli Belediyesi, sa\u011fl\u0131k ve hizmet s\u00fcrd\u00fcr\u00fclebilirli\u011fi a\u00e7\u0131s\u0131ndan d\u0131\u015f saha personelinin mesai saatlerini yeniden d\u00fczenledi. Nazilli Belediyesi\u2019nden yap\u0131lan a\u00e7\u0131klamada \u00f6zellikle a\u00e7\u0131k alanda \u00e7al\u0131\u015fan personelin s\u0131cak havadan olumsuz etkilenmemesi i\u00e7in 25 &#8211; 30 Temmuz 2025 tarihleri aras\u0131nda ge\u00e7erli olacak&#8230;<\/p>\n","protected":false},"author":1,"featured_media":44368,"comment_status":"open","ping_status":"open","sticky":false,"template":"","format":"standard","meta":{"_crdt_document":"","footnotes":""},"categories":[1],"tags":[],"class_list":["post-44367","post","type-post","status-publish","format-standard","has-post-thumbnail","hentry","category-guncel"],"_links":{"self":[{"href":"https:\/\/www.egemtv.com\/index.php?rest_route=\/wp\/v2\/posts\/44367","targetHints":{"allow":["GET"]}}],"collection":[{"href":"https:\/\/www.egemtv.com\/index.php?rest_route=\/wp\/v2\/posts"}],"about":[{"href":"https:\/\/www.egemtv.com\/index.php?rest_route=\/wp\/v2\/types\/post"}],"author":[{"embeddable":true,"href":"https:\/\/www.egemtv.com\/index.php?rest_route=\/wp\/v2\/users\/1"}],"replies":[{"embeddable":true,"href":"https:\/\/www.egemtv.com\/index.php?rest_route=%2Fwp%2Fv2%2Fcomments&post=44367"}],"version-history":[{"count":1,"href":"https:\/\/www.egemtv.com\/index.php?rest_route=\/wp\/v2\/posts\/44367\/revisions"}],"predecessor-version":[{"id":44369,"href":"https:\/\/www.egemtv.com\/index.php?rest_route=\/wp\/v2\/posts\/44367\/revisions\/44369"}],"wp:featuredmedia":[{"embeddable":true,"href":"https:\/\/www.egemtv.com\/index.php?rest_route=\/wp\/v2\/media\/44368"}],"wp:attachment":[{"href":"https:\/\/www.egemtv.com\/index.php?rest_route=%2Fwp%2Fv2%2Fmedia&parent=44367"}],"wp:term":[{"taxonomy":"category","embeddable":true,"href":"https:\/\/www.egemtv.com\/index.php?rest_route=%2Fwp%2Fv2%2Fcategories&post=44367"},{"taxonomy":"post_tag","embeddable":true,"href":"https:\/\/www.egemtv.com\/index.php?rest_route=%2Fwp%2Fv2%2Ftags&post=44367"}],"curies":[{"name":"wp","href":"https:\/\/api.w.org\/{rel}","templated":true}]}}