{"id":44364,"date":"2025-07-24T21:35:42","date_gmt":"2025-07-24T18:35:42","guid":{"rendered":"https:\/\/www.egemtv.com\/?p=44364"},"modified":"2025-07-24T21:35:42","modified_gmt":"2025-07-24T18:35:42","slug":"gediz-tarhana-festivalinde-kiyafet-pazari-yogun-ilgi-goruyor","status":"publish","type":"post","link":"https:\/\/www.egemtv.com\/?p=44364","title":{"rendered":"Gediz Tarhana Festivali\u2019nde K\u0131yafet Pazar\u0131 yo\u011fun ilgi g\u00f6r\u00fcyor"},"content":{"rendered":"<p>K\u00fctahya\u2019n\u0131n Gediz il\u00e7esinde bu y\u0131l 21\u2019incisi d\u00fczenlenen Geleneksel Tarhana Festivali, renkli g\u00f6r\u00fcnt\u00fclere sahne olurken, festival kapsam\u0131nda kurulan geni\u015f \u00e7apl\u0131 k\u0131yafet pazar\u0131 vatanda\u015flardan yo\u011fun ilgi g\u00f6rd\u00fc.<br \/>\n<br \/>Ge\u00e7mi\u015f y\u0131llara g\u00f6re \u00e7ok daha geni\u015f bir alanda kurulan k\u0131yafet pazar\u0131, Gedizliler taraf\u0131ndan g\u0131ptayla bak\u0131lan Simav Fuar\u0131\u2019ndaki pazar\u0131n b\u00fcy\u00fckl\u00fc\u011f\u00fcne ula\u015farak festivalin en dikkat \u00e7eken b\u00f6l\u00fcmlerinden biri haline geldi. Giyim pazar\u0131nda her b\u00fct\u00e7eye uygun \u00fcr\u00fcnler sunulurken, al\u0131\u015fveri\u015f yapmak isteyen vatanda\u015flar i\u00e7in cazip f\u0131rsatlar olu\u015ftu.<br \/>\n<br \/>Festival kapsam\u0131nda k\u0131yafet sat\u0131\u015f\u0131 yapan esnaflar da memnuniyetlerini dile getirdi. \u0130zmir\u2019den gelen esnaf Serkan Bayrak, &#8220;\u0130lk kez bu festivale kat\u0131ld\u0131m. Bekledi\u011fimden \u00e7ok daha g\u00fczel ge\u00e7iyor. \u0130nsanlar s\u0131cak, yard\u0131msever. \u00d6zellikle y\u00f6resel yemeklerden g\u00f6veci \u00e7ok be\u011fendim. Belediyenin bize sundu\u011fu imkanlar sayesinde olduk\u00e7a konforlu bir ortamday\u0131z. Du\u015f alanlar\u0131, zab\u0131talar\u0131n ilgisi.Her \u015fey \u00e7ok g\u00fczel. Umar\u0131m seneye de buraday\u0131z&#8221; dedi.<br \/>\n<br \/>Bir di\u011fer \u0130zmirli esnaf Zafer \u015eahin ise pazar\u0131n hen\u00fcz t\u00fcm vatanda\u015flar taraf\u0131ndan ke\u015ffedilmedi\u011fini belirterek, &#8220;Burada \u00e7ok uygun fiyatl\u0131 ve \u00e7e\u015fitli \u00fcr\u00fcnler var. Ma\u011fazalara g\u00f6re daha hesapl\u0131. Gedizliler i\u00e7in b\u00fcy\u00fck bir f\u0131rsat oldu\u011funu d\u00fc\u015f\u00fcn\u00fcyorum. Belediye taraf\u0131ndan kurulan b\u00f6l\u00fcm \u00e7ok kalabal\u0131k, ama burada daha rahat al\u0131\u015fveri\u015f yap\u0131l\u0131yor. Herkes gelsin, pi\u015fman olmaz&#8221; ifadelerini kulland\u0131.<br \/>\n<br \/>Gedizli vatanda\u015flar da pazar\u0131n b\u00fcy\u00fckl\u00fc\u011f\u00fcnden ve sundu\u011fu imkanlardan memnun. \u0130l\u00e7e sakini Mustafa Sait K\u00f6yl\u00fco\u011flu, &#8220;\u0130lk defa bu kadar b\u00fcy\u00fck bir pazar kuruluyor. Hem vatanda\u015f hem de esnaf a\u00e7\u0131s\u0131ndan \u00e7ok b\u00fcy\u00fck bir nimet. \u00d6zellikle konser g\u00fcnlerindeki kalabal\u0131k, sat\u0131\u015flara olumlu yans\u0131yor. Sistem \u00e7ok g\u00fczel i\u015fliyor&#8221; \u015feklinde konu\u015ftu.<br \/><\/p>\n","protected":false},"excerpt":{"rendered":"<p>K\u00fctahya\u2019n\u0131n Gediz il\u00e7esinde bu y\u0131l 21\u2019incisi d\u00fczenlenen Geleneksel Tarhana Festivali, renkli g\u00f6r\u00fcnt\u00fclere sahne olurken, festival kapsam\u0131nda kurulan geni\u015f \u00e7apl\u0131 k\u0131yafet pazar\u0131 vatanda\u015flardan yo\u011fun ilgi g\u00f6rd\u00fc. Ge\u00e7mi\u015f y\u0131llara g\u00f6re \u00e7ok daha geni\u015f bir alanda kurulan k\u0131yafet pazar\u0131, Gedizliler taraf\u0131ndan g\u0131ptayla bak\u0131lan Simav Fuar\u0131\u2019ndaki pazar\u0131n b\u00fcy\u00fckl\u00fc\u011f\u00fcne ula\u015farak festivalin en dikkat \u00e7eken b\u00f6l\u00fcmlerinden biri haline geldi. Giyim pazar\u0131nda&#8230;<\/p>\n","protected":false},"author":1,"featured_media":44365,"comment_status":"open","ping_status":"open","sticky":false,"template":"","format":"standard","meta":{"_crdt_document":"","footnotes":""},"categories":[123],"tags":[],"class_list":["post-44364","post","type-post","status-publish","format-standard","has-post-thumbnail","hentry","category-gundem"],"_links":{"self":[{"href":"https:\/\/www.egemtv.com\/index.php?rest_route=\/wp\/v2\/posts\/44364","targetHints":{"allow":["GET"]}}],"collection":[{"href":"https:\/\/www.egemtv.com\/index.php?rest_route=\/wp\/v2\/posts"}],"about":[{"href":"https:\/\/www.egemtv.com\/index.php?rest_route=\/wp\/v2\/types\/post"}],"author":[{"embeddable":true,"href":"https:\/\/www.egemtv.com\/index.php?rest_route=\/wp\/v2\/users\/1"}],"replies":[{"embeddable":true,"href":"https:\/\/www.egemtv.com\/index.php?rest_route=%2Fwp%2Fv2%2Fcomments&post=44364"}],"version-history":[{"count":1,"href":"https:\/\/www.egemtv.com\/index.php?rest_route=\/wp\/v2\/posts\/44364\/revisions"}],"predecessor-version":[{"id":44366,"href":"https:\/\/www.egemtv.com\/index.php?rest_route=\/wp\/v2\/posts\/44364\/revisions\/44366"}],"wp:featuredmedia":[{"embeddable":true,"href":"https:\/\/www.egemtv.com\/index.php?rest_route=\/wp\/v2\/media\/44365"}],"wp:attachment":[{"href":"https:\/\/www.egemtv.com\/index.php?rest_route=%2Fwp%2Fv2%2Fmedia&parent=44364"}],"wp:term":[{"taxonomy":"category","embeddable":true,"href":"https:\/\/www.egemtv.com\/index.php?rest_route=%2Fwp%2Fv2%2Fcategories&post=44364"},{"taxonomy":"post_tag","embeddable":true,"href":"https:\/\/www.egemtv.com\/index.php?rest_route=%2Fwp%2Fv2%2Ftags&post=44364"}],"curies":[{"name":"wp","href":"https:\/\/api.w.org\/{rel}","templated":true}]}}