{"id":44361,"date":"2025-07-24T21:14:47","date_gmt":"2025-07-24T18:14:47","guid":{"rendered":"https:\/\/www.egemtv.com\/?p=44361"},"modified":"2025-07-24T21:14:47","modified_gmt":"2025-07-24T18:14:47","slug":"denizlili-orman-sehitleri-son-yolculuklarina-ugurlandi","status":"publish","type":"post","link":"https:\/\/www.egemtv.com\/?p=44361","title":{"rendered":"Denizlili orman \u015fehitleri son yolculuklar\u0131na u\u011furland\u0131"},"content":{"rendered":"<p>Eski\u015fehir\u2019deki orman yang\u0131n\u0131na takviye amac\u0131yla Denizli\u2019den giden ve alevlerin aras\u0131nda kalarak \u015fehit olan Hilmi \u015eahin ve Sercan Utni, Denizli\u2019nin Beya\u011fa\u00e7 il\u00e7esinde son yolculuklar\u0131na u\u011furland\u0131.<br \/>\n<br \/>Eski\u015fehir\u2019in Seyitgazi il\u00e7esinde \u00e7\u0131kan orman yang\u0131n\u0131na takviye amac\u0131yla Denizli Orman B\u00f6lge M\u00fcd\u00fcrl\u00fc\u011f\u00fc Beya\u011fa\u00e7 Eskere Orman \u0130\u015fletme \u015eefli\u011finde g\u00f6revli personeller g\u00f6nderilmi\u015fti. Orman yang\u0131nlar\u0131na cansiperane m\u00fcdahale eden ekiplerden bir k\u0131sm\u0131 alevlerin aras\u0131nda kalm\u0131\u015ft\u0131. Alevlerin aras\u0131nda kalan g\u00f6revlilerden 10 ki\u015fi hayat\u0131n\u0131 kaybetmi\u015f, 14 ki\u015fi ise yaralanm\u0131\u015ft\u0131. Hayat\u0131n\u0131 kaybeden orman \u015fehitlerinden 2\u2019si Denizli\u2019den yang\u0131n b\u00f6lgesine g\u00f6revlendirilen Hilmi \u015eahin ve Sercan Utni alevlerin aras\u0131nda kalarak ya\u015fam\u0131n\u0131 yitirdi. Ankara Adli T\u0131p Kurumundaki i\u015flemlerinin ard\u0131ndan iki orman \u015fehidinin cenazesi Denizli\u2019ye havayoluyla getirildi. Orman B\u00f6lge M\u00fcd\u00fcrl\u00fc\u011f\u00fcndeki t\u00f6renin ard\u0131ndan iki \u015fehidin cenazesi Beya\u011fa\u00e7 il\u00e7esinde g\u00f6t\u00fcr\u00fcld\u00fc. Orman \u015fehidi Hilmi \u015eahin Geri\u00e7am Mahallesi\u2019nde, Sercan Utni ise Sazak Mahallesinde k\u0131l\u0131nan cenaze namazlar\u0131n\u0131n ard\u0131ndan topra\u011fa verildi.<br \/>\n<br \/>Cenaze t\u00f6renine Gen\u00e7lik ve Spor Bakan\u0131 Osman A\u015fk\u0131n Bak, Tar\u0131m ve Orman Bakan Yard\u0131mc\u0131s\u0131 Abdulkadir Polat, Denizli Valisi \u00d6mer Faruk Co\u015fkun, 11. Komando Piyade Tugay ve Garnizon Komutan Vekili Piyade Albay Ertan Dabi, \u0130l Jandarma Komutan\u0131 Albay H\u0131d\u0131r Ay\u00e7i\u00e7ek, \u0130l Emniyet M\u00fcd\u00fcr\u00fc Yavuz Sa\u011fd\u0131\u00e7, \u0130l Sa\u011fl\u0131k M\u00fcd\u00fcr\u00fc Berna \u00d6zt\u00fcrk, \u0130l AFAD M\u00fcd\u00fcr\u00fc Y\u0131ld\u0131z Tosun, Orman B\u00f6lge M\u00fcd\u00fcr\u00fc Ahmet K\u00f6le, il protokol\u00fc, \u015fehitlerin aileleri ve \u00e7ok say\u0131da vatanda\u015f kat\u0131ld\u0131.<br \/><\/p>\n","protected":false},"excerpt":{"rendered":"<p>Eski\u015fehir\u2019deki orman yang\u0131n\u0131na takviye amac\u0131yla Denizli\u2019den giden ve alevlerin aras\u0131nda kalarak \u015fehit olan Hilmi \u015eahin ve Sercan Utni, Denizli\u2019nin Beya\u011fa\u00e7 il\u00e7esinde son yolculuklar\u0131na u\u011furland\u0131. Eski\u015fehir\u2019in Seyitgazi il\u00e7esinde \u00e7\u0131kan orman yang\u0131n\u0131na takviye amac\u0131yla Denizli Orman B\u00f6lge M\u00fcd\u00fcrl\u00fc\u011f\u00fc Beya\u011fa\u00e7 Eskere Orman \u0130\u015fletme \u015eefli\u011finde g\u00f6revli personeller g\u00f6nderilmi\u015fti. Orman yang\u0131nlar\u0131na cansiperane m\u00fcdahale eden ekiplerden bir k\u0131sm\u0131 alevlerin aras\u0131nda kalm\u0131\u015ft\u0131&#8230;.<\/p>\n","protected":false},"author":1,"featured_media":44362,"comment_status":"open","ping_status":"open","sticky":false,"template":"","format":"standard","meta":{"_crdt_document":"","footnotes":""},"categories":[5],"tags":[],"class_list":["post-44361","post","type-post","status-publish","format-standard","has-post-thumbnail","hentry","category-asayis"],"_links":{"self":[{"href":"https:\/\/www.egemtv.com\/index.php?rest_route=\/wp\/v2\/posts\/44361","targetHints":{"allow":["GET"]}}],"collection":[{"href":"https:\/\/www.egemtv.com\/index.php?rest_route=\/wp\/v2\/posts"}],"about":[{"href":"https:\/\/www.egemtv.com\/index.php?rest_route=\/wp\/v2\/types\/post"}],"author":[{"embeddable":true,"href":"https:\/\/www.egemtv.com\/index.php?rest_route=\/wp\/v2\/users\/1"}],"replies":[{"embeddable":true,"href":"https:\/\/www.egemtv.com\/index.php?rest_route=%2Fwp%2Fv2%2Fcomments&post=44361"}],"version-history":[{"count":1,"href":"https:\/\/www.egemtv.com\/index.php?rest_route=\/wp\/v2\/posts\/44361\/revisions"}],"predecessor-version":[{"id":44363,"href":"https:\/\/www.egemtv.com\/index.php?rest_route=\/wp\/v2\/posts\/44361\/revisions\/44363"}],"wp:featuredmedia":[{"embeddable":true,"href":"https:\/\/www.egemtv.com\/index.php?rest_route=\/wp\/v2\/media\/44362"}],"wp:attachment":[{"href":"https:\/\/www.egemtv.com\/index.php?rest_route=%2Fwp%2Fv2%2Fmedia&parent=44361"}],"wp:term":[{"taxonomy":"category","embeddable":true,"href":"https:\/\/www.egemtv.com\/index.php?rest_route=%2Fwp%2Fv2%2Fcategories&post=44361"},{"taxonomy":"post_tag","embeddable":true,"href":"https:\/\/www.egemtv.com\/index.php?rest_route=%2Fwp%2Fv2%2Ftags&post=44361"}],"curies":[{"name":"wp","href":"https:\/\/api.w.org\/{rel}","templated":true}]}}