{"id":44355,"date":"2025-07-24T20:15:15","date_gmt":"2025-07-24T17:15:15","guid":{"rendered":"https:\/\/www.egemtv.com\/?p=44355"},"modified":"2025-07-24T20:15:16","modified_gmt":"2025-07-24T17:15:16","slug":"marmariste-5-gundur-tonlarca-su-bosa-akiyor","status":"publish","type":"post","link":"https:\/\/www.egemtv.com\/?p=44355","title":{"rendered":"Marmaris\u2019te 5 g\u00fcnd\u00fcr tonlarca su bo\u015fa ak\u0131yor"},"content":{"rendered":"<p>Mu\u011fla\u2019n\u0131n Marmaris il\u00e7esi Tepe Mahallesi\u2019nde patlam\u0131\u015f su borusundan 5 g\u00fcnd\u00fcr su akarken, \u00e7evre sakinleri duruma tepki g\u00f6sterdi. Mahalle esnaf\u0131, MUSK\u0130\u2019yi defalarca arad\u0131klar\u0131n\u0131 ancak ar\u0131zaya hen\u00fcz m\u00fcdahale edilmedi\u011fini belirtti.<br \/>\n<br \/>\u00c7evredeki esnaflardan Meral Bulucu, ayn\u0131 noktadaki borunun daha \u00f6nce de defalarca patlad\u0131\u011f\u0131n\u0131 belirterek, &#8220;S\u00fcrekli ayn\u0131 yer patl\u0131yor. Gelip tamir ediyorlar, birka\u00e7 g\u00fcn sonra yine patl\u0131yor. Bu hafta Pazartesi g\u00fcn\u00fcnden bu yana tonlarca su bo\u015fa ak\u0131yor. Kom\u015fular\u0131m MUSK\u0130\u2019yi ar\u0131yor, foto\u011fraflar \u00e7ekip iletiyoruz, ama kimse ilgilenmiyor. Hem su s\u0131k\u0131nt\u0131s\u0131 var, \u2018Suyu dikkatli kullanal\u0131m\u2019 deniyor, hem de b\u00f6yle ar\u0131zalar g\u00fcnlerce bekliyor. L\u00fctfen yetkililer art\u0131k kal\u0131c\u0131 bir \u00e7\u00f6z\u00fcm bulsun&#8221; diyerek duruma tepki g\u00f6sterdi.<br \/><\/p>\n","protected":false},"excerpt":{"rendered":"<p>Mu\u011fla\u2019n\u0131n Marmaris il\u00e7esi Tepe Mahallesi\u2019nde patlam\u0131\u015f su borusundan 5 g\u00fcnd\u00fcr su akarken, \u00e7evre sakinleri duruma tepki g\u00f6sterdi. Mahalle esnaf\u0131, MUSK\u0130\u2019yi defalarca arad\u0131klar\u0131n\u0131 ancak ar\u0131zaya hen\u00fcz m\u00fcdahale edilmedi\u011fini belirtti. \u00c7evredeki esnaflardan Meral Bulucu, ayn\u0131 noktadaki borunun daha \u00f6nce de defalarca patlad\u0131\u011f\u0131n\u0131 belirterek, &#8220;S\u00fcrekli ayn\u0131 yer patl\u0131yor. Gelip tamir ediyorlar, birka\u00e7 g\u00fcn sonra yine patl\u0131yor. Bu hafta&#8230;<\/p>\n","protected":false},"author":1,"featured_media":44356,"comment_status":"open","ping_status":"open","sticky":false,"template":"","format":"standard","meta":{"_crdt_document":"","footnotes":""},"categories":[1],"tags":[],"class_list":["post-44355","post","type-post","status-publish","format-standard","has-post-thumbnail","hentry","category-guncel"],"_links":{"self":[{"href":"https:\/\/www.egemtv.com\/index.php?rest_route=\/wp\/v2\/posts\/44355","targetHints":{"allow":["GET"]}}],"collection":[{"href":"https:\/\/www.egemtv.com\/index.php?rest_route=\/wp\/v2\/posts"}],"about":[{"href":"https:\/\/www.egemtv.com\/index.php?rest_route=\/wp\/v2\/types\/post"}],"author":[{"embeddable":true,"href":"https:\/\/www.egemtv.com\/index.php?rest_route=\/wp\/v2\/users\/1"}],"replies":[{"embeddable":true,"href":"https:\/\/www.egemtv.com\/index.php?rest_route=%2Fwp%2Fv2%2Fcomments&post=44355"}],"version-history":[{"count":1,"href":"https:\/\/www.egemtv.com\/index.php?rest_route=\/wp\/v2\/posts\/44355\/revisions"}],"predecessor-version":[{"id":44357,"href":"https:\/\/www.egemtv.com\/index.php?rest_route=\/wp\/v2\/posts\/44355\/revisions\/44357"}],"wp:featuredmedia":[{"embeddable":true,"href":"https:\/\/www.egemtv.com\/index.php?rest_route=\/wp\/v2\/media\/44356"}],"wp:attachment":[{"href":"https:\/\/www.egemtv.com\/index.php?rest_route=%2Fwp%2Fv2%2Fmedia&parent=44355"}],"wp:term":[{"taxonomy":"category","embeddable":true,"href":"https:\/\/www.egemtv.com\/index.php?rest_route=%2Fwp%2Fv2%2Fcategories&post=44355"},{"taxonomy":"post_tag","embeddable":true,"href":"https:\/\/www.egemtv.com\/index.php?rest_route=%2Fwp%2Fv2%2Ftags&post=44355"}],"curies":[{"name":"wp","href":"https:\/\/api.w.org\/{rel}","templated":true}]}}