{"id":44352,"date":"2025-07-24T20:15:14","date_gmt":"2025-07-24T17:15:14","guid":{"rendered":"https:\/\/www.egemtv.com\/?p=44352"},"modified":"2025-07-24T20:15:15","modified_gmt":"2025-07-24T17:15:15","slug":"kutahyada-8-donum-arazi-ve-180-balya-saman-kule-dondu","status":"publish","type":"post","link":"https:\/\/www.egemtv.com\/?p=44352","title":{"rendered":"K\u00fctahya\u2019da 8 d\u00f6n\u00fcm arazi ve 180 balya saman k\u00fcle d\u00f6nd\u00fc"},"content":{"rendered":"<p>K\u00fctahya\u2019da balya makinesi sebebiyle \u00e7\u0131kan yang\u0131nda, 8 d\u00f6n\u00fcm arazi ve 180 balya saman k\u00fcle d\u00f6nd\u00fc.<br \/>\n<br \/>Olay, Emet il\u00e7esi Do\u011fanlar k\u00f6y\u00fcnde Yar Dibi mevkiinde meydana geldi. Edinilen bilgiye g\u00f6re, \u0130smail B\u00fclb\u00fcl\u2019e ait 11 d\u00f6n\u00fcm tarlada balya makinesinden \u00e7\u0131kan k\u0131v\u0131lc\u0131m sebebiyle yang\u0131n \u00e7\u0131kt\u0131. Yang\u0131na ilk m\u00fcdahale k\u00f6y\u00fcn su tankeri ile k\u00f6yl\u00fcler taraf\u0131ndan yap\u0131ld\u0131. \u0130hbar \u00fczerine b\u00f6lgeye sevk edilen Emet Belediyesi ve Hisarc\u0131k Belediyesi itfaiye ekipleri ile Emet Orman \u0130\u015fletme M\u00fcd\u00fcrl\u00fc\u011f\u00fc ve Hisarc\u0131k Orman \u0130\u015fletme \u015eefli\u011fi ekipleri sevk edildi. Alevler, ekiplerin yakla\u015f\u0131k 1 saatlik \u00e7al\u0131\u015fmas\u0131 sonucu s\u00f6nd\u00fcr\u00fcld\u00fc.<br \/>\n<br \/>Yang\u0131nda, 8 d\u00f6n\u00fcm arazi k\u00fcle d\u00f6nerken, 180 balya saman\u0131n\u0131n yand\u0131\u011f\u0131 \u00f6\u011frenildi.<br \/><\/p>\n","protected":false},"excerpt":{"rendered":"<p>K\u00fctahya\u2019da balya makinesi sebebiyle \u00e7\u0131kan yang\u0131nda, 8 d\u00f6n\u00fcm arazi ve 180 balya saman k\u00fcle d\u00f6nd\u00fc. Olay, Emet il\u00e7esi Do\u011fanlar k\u00f6y\u00fcnde Yar Dibi mevkiinde meydana geldi. Edinilen bilgiye g\u00f6re, \u0130smail B\u00fclb\u00fcl\u2019e ait 11 d\u00f6n\u00fcm tarlada balya makinesinden \u00e7\u0131kan k\u0131v\u0131lc\u0131m sebebiyle yang\u0131n \u00e7\u0131kt\u0131. Yang\u0131na ilk m\u00fcdahale k\u00f6y\u00fcn su tankeri ile k\u00f6yl\u00fcler taraf\u0131ndan yap\u0131ld\u0131. \u0130hbar \u00fczerine b\u00f6lgeye sevk&#8230;<\/p>\n","protected":false},"author":1,"featured_media":44353,"comment_status":"open","ping_status":"open","sticky":false,"template":"","format":"standard","meta":{"_crdt_document":"","footnotes":""},"categories":[5],"tags":[],"class_list":["post-44352","post","type-post","status-publish","format-standard","has-post-thumbnail","hentry","category-asayis"],"_links":{"self":[{"href":"https:\/\/www.egemtv.com\/index.php?rest_route=\/wp\/v2\/posts\/44352","targetHints":{"allow":["GET"]}}],"collection":[{"href":"https:\/\/www.egemtv.com\/index.php?rest_route=\/wp\/v2\/posts"}],"about":[{"href":"https:\/\/www.egemtv.com\/index.php?rest_route=\/wp\/v2\/types\/post"}],"author":[{"embeddable":true,"href":"https:\/\/www.egemtv.com\/index.php?rest_route=\/wp\/v2\/users\/1"}],"replies":[{"embeddable":true,"href":"https:\/\/www.egemtv.com\/index.php?rest_route=%2Fwp%2Fv2%2Fcomments&post=44352"}],"version-history":[{"count":1,"href":"https:\/\/www.egemtv.com\/index.php?rest_route=\/wp\/v2\/posts\/44352\/revisions"}],"predecessor-version":[{"id":44354,"href":"https:\/\/www.egemtv.com\/index.php?rest_route=\/wp\/v2\/posts\/44352\/revisions\/44354"}],"wp:featuredmedia":[{"embeddable":true,"href":"https:\/\/www.egemtv.com\/index.php?rest_route=\/wp\/v2\/media\/44353"}],"wp:attachment":[{"href":"https:\/\/www.egemtv.com\/index.php?rest_route=%2Fwp%2Fv2%2Fmedia&parent=44352"}],"wp:term":[{"taxonomy":"category","embeddable":true,"href":"https:\/\/www.egemtv.com\/index.php?rest_route=%2Fwp%2Fv2%2Fcategories&post=44352"},{"taxonomy":"post_tag","embeddable":true,"href":"https:\/\/www.egemtv.com\/index.php?rest_route=%2Fwp%2Fv2%2Ftags&post=44352"}],"curies":[{"name":"wp","href":"https:\/\/api.w.org\/{rel}","templated":true}]}}