{"id":44349,"date":"2025-07-24T19:14:43","date_gmt":"2025-07-24T16:14:43","guid":{"rendered":"https:\/\/www.egemtv.com\/?p=44349"},"modified":"2025-07-24T19:14:44","modified_gmt":"2025-07-24T16:14:44","slug":"kaymakam-guldogan-salihli-basinini-unutmadi","status":"publish","type":"post","link":"https:\/\/www.egemtv.com\/?p=44349","title":{"rendered":"Kaymakam G\u00fcldo\u011fan, Salihli bas\u0131n\u0131n\u0131 unutmad\u0131"},"content":{"rendered":"<p>Manisa\u2019n\u0131n Salihli Kaymakam\u0131 Ali G\u00fcldo\u011fan, 24 Temmuz Gazeteciler ve Bas\u0131n Bayram\u0131 dolay\u0131s\u0131yla, Salihli\u2019de g\u00f6rev yapan ulusal bas\u0131n temsilcileri ve Turkuaz Bas\u0131n Kart\u0131 sahibi olan bas\u0131n mensuplar\u0131yla bir araya geldi.<br \/>\n<br \/>T\u00fcrkiye\u2019de sans\u00fcr\u00fcn kald\u0131r\u0131lmas\u0131n\u0131n y\u0131l d\u00f6n\u00fcm\u00fc olarak her y\u0131l 24 Temmuz tarihinde kutlanan Gazeteciler ve Bas\u0131n Bayram\u0131 dolay\u0131s\u0131yla Salihli Kaymakam\u0131 Ali G\u00fcldo\u011fan, \u00f6\u011fretmenevinde d\u00fczenlenen programda Salihli\u2019de Cumhurba\u015fkanl\u0131\u011f\u0131 \u0130leti\u015fim Ba\u015fkanl\u0131\u011f\u0131 Turkuaz Bas\u0131n Kart\u0131 sahibi olan gazeteciler ve ulusal bas\u0131n temsilcileri ile bir araya geldi.<br \/>\n<br \/>Kaymakam G\u00fcldo\u011fan, il\u00e7ede yap\u0131lan \u00e7al\u0131\u015fmalar hakk\u0131nda bilgiler payla\u015f\u0131rken, kamuoyunun haber alma hakk\u0131 ad\u0131na gece g\u00fcnd\u00fcz demeden \u00f6zveriyle \u00e7al\u0131\u015fan t\u00fcm bas\u0131n emek\u00e7ilerinin 24 Temmuz Gazeteciler ve Bas\u0131n Bayram\u0131\u2019n\u0131 kutlay\u0131p, g\u00f6revlerinde ba\u015far\u0131lar diledi.<br \/><\/p>\n","protected":false},"excerpt":{"rendered":"<p>Manisa\u2019n\u0131n Salihli Kaymakam\u0131 Ali G\u00fcldo\u011fan, 24 Temmuz Gazeteciler ve Bas\u0131n Bayram\u0131 dolay\u0131s\u0131yla, Salihli\u2019de g\u00f6rev yapan ulusal bas\u0131n temsilcileri ve Turkuaz Bas\u0131n Kart\u0131 sahibi olan bas\u0131n mensuplar\u0131yla bir araya geldi. T\u00fcrkiye\u2019de sans\u00fcr\u00fcn kald\u0131r\u0131lmas\u0131n\u0131n y\u0131l d\u00f6n\u00fcm\u00fc olarak her y\u0131l 24 Temmuz tarihinde kutlanan Gazeteciler ve Bas\u0131n Bayram\u0131 dolay\u0131s\u0131yla Salihli Kaymakam\u0131 Ali G\u00fcldo\u011fan, \u00f6\u011fretmenevinde d\u00fczenlenen programda Salihli\u2019de Cumhurba\u015fkanl\u0131\u011f\u0131&#8230;<\/p>\n","protected":false},"author":1,"featured_media":44350,"comment_status":"open","ping_status":"open","sticky":false,"template":"","format":"standard","meta":{"_crdt_document":"","footnotes":""},"categories":[123],"tags":[],"class_list":["post-44349","post","type-post","status-publish","format-standard","has-post-thumbnail","hentry","category-gundem"],"_links":{"self":[{"href":"https:\/\/www.egemtv.com\/index.php?rest_route=\/wp\/v2\/posts\/44349","targetHints":{"allow":["GET"]}}],"collection":[{"href":"https:\/\/www.egemtv.com\/index.php?rest_route=\/wp\/v2\/posts"}],"about":[{"href":"https:\/\/www.egemtv.com\/index.php?rest_route=\/wp\/v2\/types\/post"}],"author":[{"embeddable":true,"href":"https:\/\/www.egemtv.com\/index.php?rest_route=\/wp\/v2\/users\/1"}],"replies":[{"embeddable":true,"href":"https:\/\/www.egemtv.com\/index.php?rest_route=%2Fwp%2Fv2%2Fcomments&post=44349"}],"version-history":[{"count":1,"href":"https:\/\/www.egemtv.com\/index.php?rest_route=\/wp\/v2\/posts\/44349\/revisions"}],"predecessor-version":[{"id":44351,"href":"https:\/\/www.egemtv.com\/index.php?rest_route=\/wp\/v2\/posts\/44349\/revisions\/44351"}],"wp:featuredmedia":[{"embeddable":true,"href":"https:\/\/www.egemtv.com\/index.php?rest_route=\/wp\/v2\/media\/44350"}],"wp:attachment":[{"href":"https:\/\/www.egemtv.com\/index.php?rest_route=%2Fwp%2Fv2%2Fmedia&parent=44349"}],"wp:term":[{"taxonomy":"category","embeddable":true,"href":"https:\/\/www.egemtv.com\/index.php?rest_route=%2Fwp%2Fv2%2Fcategories&post=44349"},{"taxonomy":"post_tag","embeddable":true,"href":"https:\/\/www.egemtv.com\/index.php?rest_route=%2Fwp%2Fv2%2Ftags&post=44349"}],"curies":[{"name":"wp","href":"https:\/\/api.w.org\/{rel}","templated":true}]}}