{"id":44238,"date":"2025-07-24T13:15:30","date_gmt":"2025-07-24T10:15:30","guid":{"rendered":"https:\/\/www.egemtv.com\/?p=44238"},"modified":"2025-07-24T13:15:30","modified_gmt":"2025-07-24T10:15:30","slug":"japonyanin-seyahat-dergisi-kutahyali-cini-sanatcisina-yer-verdi","status":"publish","type":"post","link":"https:\/\/www.egemtv.com\/?p=44238","title":{"rendered":"Japonya\u2019n\u0131n seyahat dergisi K\u00fctahyal\u0131 \u00e7ini sanat\u00e7\u0131s\u0131na yer verdi"},"content":{"rendered":"<p>Japonya\u2019n\u0131n en prestijli seyahat dergilerinden Crea, Temmuz say\u0131s\u0131nda K\u00fclt\u00fcr ve Turizm Bakanl\u0131\u011f\u0131 Somut Olmayan K\u00fclt\u00fcrel Miras Ta\u015f\u0131y\u0131c\u0131s\u0131 Nida Ol\u00e7ar\u2019\u0131 &#8220;Topra\u011f\u0131n K\u0131z\u0131&#8221; ba\u015fl\u0131\u011f\u0131yla sayfalar\u0131na ta\u015f\u0131d\u0131.<br \/>\n<br \/>Derginin yap\u0131m ekibi, Nev\u015fehir\u2019in \u00dcrg\u00fcp il\u00e7esinde ya\u015fayan Japon gelin Yoko Saymaz\u2019\u0131n koordinasyonunda ge\u00e7ti\u011fimiz ay T\u00fcrkiye\u2019ye gelerek \u00e7ekim yapt\u0131. \u0130stanbul ve Kapadokya\u2019n\u0131n yan\u0131 s\u0131ra K\u00fctahya\u2019da da \u00e7ekim ger\u00e7ekle\u015ftiren ekip, Nida Ol\u00e7ar\u2019\u0131n at\u00f6lyesini ziyaret etti ve K\u00fctahya\u2019n\u0131n k\u00f6kl\u00fc \u00e7ini gelene\u011fi hakk\u0131nda r\u00f6portajlar ger\u00e7ekle\u015ftirdi.<br \/>\n<br \/>Sanat\u00e7\u0131 Nida Ol\u00e7ar, Crea dergisinde yer alman\u0131n kendileri i\u00e7in gurur verici oldu\u011funu belirterek, Japon sanatseverlerden yo\u011fun ilgi beklediklerini ifade etti. Ol\u00e7ar, &#8220;UNESCO Ya\u015fayan \u0130nsan Hazinesi \u00f6d\u00fcl\u00fcne lay\u0131k g\u00f6r\u00fclen merhum babam S\u0131tk\u0131 Usta\u2019n\u0131n me\u015fhur kedisi, 30 y\u0131l \u00f6nce yine ayn\u0131 derginin kapa\u011f\u0131nda yer alm\u0131\u015ft\u0131. Bug\u00fcn h\u00e2l\u00e2 o kedilerden almak i\u00e7in K\u00fctahya\u2019ya \u00f6zel ara\u00e7 ve rehber e\u015fli\u011finde gelen Japon koleksiyonerlerimiz var. Babamdan bana ge\u00e7en bu sanat\u0131 s\u00fcrd\u00fcrmekten b\u00fcy\u00fck mutluluk duyuyorum. Umar\u0131m bu \u00e7al\u0131\u015fmalar\u0131m\u0131z K\u00fctahya\u2019m\u0131z i\u00e7in yeni bir turizm kap\u0131s\u0131 aralar&#8221; dedi.<br \/><\/p>\n","protected":false},"excerpt":{"rendered":"<p>Japonya\u2019n\u0131n en prestijli seyahat dergilerinden Crea, Temmuz say\u0131s\u0131nda K\u00fclt\u00fcr ve Turizm Bakanl\u0131\u011f\u0131 Somut Olmayan K\u00fclt\u00fcrel Miras Ta\u015f\u0131y\u0131c\u0131s\u0131 Nida Ol\u00e7ar\u2019\u0131 &#8220;Topra\u011f\u0131n K\u0131z\u0131&#8221; ba\u015fl\u0131\u011f\u0131yla sayfalar\u0131na ta\u015f\u0131d\u0131. Derginin yap\u0131m ekibi, Nev\u015fehir\u2019in \u00dcrg\u00fcp il\u00e7esinde ya\u015fayan Japon gelin Yoko Saymaz\u2019\u0131n koordinasyonunda ge\u00e7ti\u011fimiz ay T\u00fcrkiye\u2019ye gelerek \u00e7ekim yapt\u0131. \u0130stanbul ve Kapadokya\u2019n\u0131n yan\u0131 s\u0131ra K\u00fctahya\u2019da da \u00e7ekim ger\u00e7ekle\u015ftiren ekip, Nida Ol\u00e7ar\u2019\u0131n at\u00f6lyesini&#8230;<\/p>\n","protected":false},"author":1,"featured_media":44239,"comment_status":"open","ping_status":"open","sticky":false,"template":"","format":"standard","meta":{"_crdt_document":"","footnotes":""},"categories":[1],"tags":[],"class_list":["post-44238","post","type-post","status-publish","format-standard","has-post-thumbnail","hentry","category-guncel"],"_links":{"self":[{"href":"https:\/\/www.egemtv.com\/index.php?rest_route=\/wp\/v2\/posts\/44238","targetHints":{"allow":["GET"]}}],"collection":[{"href":"https:\/\/www.egemtv.com\/index.php?rest_route=\/wp\/v2\/posts"}],"about":[{"href":"https:\/\/www.egemtv.com\/index.php?rest_route=\/wp\/v2\/types\/post"}],"author":[{"embeddable":true,"href":"https:\/\/www.egemtv.com\/index.php?rest_route=\/wp\/v2\/users\/1"}],"replies":[{"embeddable":true,"href":"https:\/\/www.egemtv.com\/index.php?rest_route=%2Fwp%2Fv2%2Fcomments&post=44238"}],"version-history":[{"count":1,"href":"https:\/\/www.egemtv.com\/index.php?rest_route=\/wp\/v2\/posts\/44238\/revisions"}],"predecessor-version":[{"id":44240,"href":"https:\/\/www.egemtv.com\/index.php?rest_route=\/wp\/v2\/posts\/44238\/revisions\/44240"}],"wp:featuredmedia":[{"embeddable":true,"href":"https:\/\/www.egemtv.com\/index.php?rest_route=\/wp\/v2\/media\/44239"}],"wp:attachment":[{"href":"https:\/\/www.egemtv.com\/index.php?rest_route=%2Fwp%2Fv2%2Fmedia&parent=44238"}],"wp:term":[{"taxonomy":"category","embeddable":true,"href":"https:\/\/www.egemtv.com\/index.php?rest_route=%2Fwp%2Fv2%2Fcategories&post=44238"},{"taxonomy":"post_tag","embeddable":true,"href":"https:\/\/www.egemtv.com\/index.php?rest_route=%2Fwp%2Fv2%2Ftags&post=44238"}],"curies":[{"name":"wp","href":"https:\/\/api.w.org\/{rel}","templated":true}]}}