{"id":44235,"date":"2025-07-24T12:55:17","date_gmt":"2025-07-24T09:55:17","guid":{"rendered":"https:\/\/www.egemtv.com\/?p=44235"},"modified":"2025-07-24T12:55:18","modified_gmt":"2025-07-24T09:55:18","slug":"il-muduru-ozturkten-balkan-ucuncusu-bugra-guleryuze-tebrik","status":"publish","type":"post","link":"https:\/\/www.egemtv.com\/?p=44235","title":{"rendered":"\u0130l M\u00fcd\u00fcr\u00fc \u00d6zt\u00fcrk\u2019ten Balkan \u00dc\u00e7\u00fcnc\u00fcs\u00fc Bu\u011fra G\u00fclery\u00fcz\u2019e tebrik"},"content":{"rendered":"<p>Manisa Gen\u00e7lik ve Spor \u0130l M\u00fcd\u00fcr\u00fc Yunus \u00d6zt\u00fcrk, U20 Atletizm Balkan \u015eampiyonas\u0131\u2019nda 4100 metre bayrak yar\u0131\u015f\u0131nda Balkan \u00fc\u00e7\u00fcnc\u00fcl\u00fc\u011f\u00fc elde eden Manisal\u0131 milli sporcu Bu\u011fra G\u00fclery\u00fcz ve antren\u00f6r\u00fc Sadet \u0130\u015fciler\u2019i makam\u0131nda a\u011f\u0131rlayarak tebrik etti.<br \/>\n<br \/>Manisa Gen\u00e7lik ve Spor \u0130l M\u00fcd\u00fcr\u00fc Yunus \u00d6zt\u00fcrk, Romanya\u2019n\u0131n Craiova kentinde d\u00fczenlenen U20 Atletizm Balkan \u015eampiyonas\u0131\u2019nda milli tak\u0131m kadrosunda yer alarak 4100 metre bayrak yar\u0131\u015f\u0131nda Balkan \u00fc\u00e7\u00fcnc\u00fcl\u00fc\u011f\u00fc elde eden Manisal\u0131 milli sporcu Bu\u011fra G\u00fclery\u00fcz ile Atletizm Antren\u00f6r\u00fc Sadet \u0130\u015fciler\u2019i makam\u0131nda a\u011f\u0131rlad\u0131. Ziyarette sporcunun elde etti\u011fi ba\u015far\u0131dan duydu\u011fu memnuniyeti dile getiren \u0130l M\u00fcd\u00fcr\u00fc \u00d6zt\u00fcrk, Manisa\u2019n\u0131n spor alan\u0131nda her ge\u00e7en g\u00fcn daha b\u00fcy\u00fck ba\u015far\u0131lar elde etti\u011fini belirterek &#8220;Gen\u00e7 sporcular\u0131m\u0131z\u0131n uluslararas\u0131 arenada g\u00f6sterdi\u011fi \u00fcst\u00fcn performans, \u00fclkemiz ve ilimiz ad\u0131na b\u00fcy\u00fck bir gurur kayna\u011f\u0131. Bu\u011fra G\u00fclery\u00fcz\u2019\u00fcn Balkan \u00fc\u00e7\u00fcnc\u00fcl\u00fc\u011f\u00fc, sadece kendisi i\u00e7in de\u011fil, Manisa ve T\u00fcrkiye i\u00e7in de \u00f6nemli bir ba\u015far\u0131d\u0131r. Bu ba\u015far\u0131da eme\u011fi ge\u00e7en antren\u00f6r\u00fcm\u00fcz Sadet \u0130\u015fciler\u2019i de y\u00fcrekten kutluyorum. Manisa olarak sporu ve sporcular\u0131m\u0131z\u0131 desteklemeye devam edece\u011fiz&#8221; dedi.<br \/>\n<br \/>\u0130l M\u00fcd\u00fcr\u00fc \u00d6zt\u00fcrk, gen\u00e7 sporcular\u0131n uluslararas\u0131 platformlarda elde etti\u011fi derecelerin yeni sporcular i\u00e7in ilham kayna\u011f\u0131 oldu\u011funu vurgulayarak, ba\u015far\u0131lar\u0131n\u0131n devam\u0131n\u0131 dileyip sporcuyu \u00e7e\u015fitli hediyelerle \u00f6d\u00fcllendirdi.<br \/><\/p>\n","protected":false},"excerpt":{"rendered":"<p>Manisa Gen\u00e7lik ve Spor \u0130l M\u00fcd\u00fcr\u00fc Yunus \u00d6zt\u00fcrk, U20 Atletizm Balkan \u015eampiyonas\u0131\u2019nda 4100 metre bayrak yar\u0131\u015f\u0131nda Balkan \u00fc\u00e7\u00fcnc\u00fcl\u00fc\u011f\u00fc elde eden Manisal\u0131 milli sporcu Bu\u011fra G\u00fclery\u00fcz ve antren\u00f6r\u00fc Sadet \u0130\u015fciler\u2019i makam\u0131nda a\u011f\u0131rlayarak tebrik etti. Manisa Gen\u00e7lik ve Spor \u0130l M\u00fcd\u00fcr\u00fc Yunus \u00d6zt\u00fcrk, Romanya\u2019n\u0131n Craiova kentinde d\u00fczenlenen U20 Atletizm Balkan \u015eampiyonas\u0131\u2019nda milli tak\u0131m kadrosunda yer alarak 4100&#8230;<\/p>\n","protected":false},"author":1,"featured_media":44236,"comment_status":"open","ping_status":"open","sticky":false,"template":"","format":"standard","meta":{"_crdt_document":"","footnotes":""},"categories":[4],"tags":[],"class_list":["post-44235","post","type-post","status-publish","format-standard","has-post-thumbnail","hentry","category-spor"],"_links":{"self":[{"href":"https:\/\/www.egemtv.com\/index.php?rest_route=\/wp\/v2\/posts\/44235","targetHints":{"allow":["GET"]}}],"collection":[{"href":"https:\/\/www.egemtv.com\/index.php?rest_route=\/wp\/v2\/posts"}],"about":[{"href":"https:\/\/www.egemtv.com\/index.php?rest_route=\/wp\/v2\/types\/post"}],"author":[{"embeddable":true,"href":"https:\/\/www.egemtv.com\/index.php?rest_route=\/wp\/v2\/users\/1"}],"replies":[{"embeddable":true,"href":"https:\/\/www.egemtv.com\/index.php?rest_route=%2Fwp%2Fv2%2Fcomments&post=44235"}],"version-history":[{"count":1,"href":"https:\/\/www.egemtv.com\/index.php?rest_route=\/wp\/v2\/posts\/44235\/revisions"}],"predecessor-version":[{"id":44237,"href":"https:\/\/www.egemtv.com\/index.php?rest_route=\/wp\/v2\/posts\/44235\/revisions\/44237"}],"wp:featuredmedia":[{"embeddable":true,"href":"https:\/\/www.egemtv.com\/index.php?rest_route=\/wp\/v2\/media\/44236"}],"wp:attachment":[{"href":"https:\/\/www.egemtv.com\/index.php?rest_route=%2Fwp%2Fv2%2Fmedia&parent=44235"}],"wp:term":[{"taxonomy":"category","embeddable":true,"href":"https:\/\/www.egemtv.com\/index.php?rest_route=%2Fwp%2Fv2%2Fcategories&post=44235"},{"taxonomy":"post_tag","embeddable":true,"href":"https:\/\/www.egemtv.com\/index.php?rest_route=%2Fwp%2Fv2%2Ftags&post=44235"}],"curies":[{"name":"wp","href":"https:\/\/api.w.org\/{rel}","templated":true}]}}