{"id":44232,"date":"2025-07-24T12:34:59","date_gmt":"2025-07-24T09:34:59","guid":{"rendered":"https:\/\/www.egemtv.com\/?p=44232"},"modified":"2025-07-24T12:35:00","modified_gmt":"2025-07-24T09:35:00","slug":"ispartada-jandarmadan-tarihi-eser-operasyonu-bin-155-sikke-ele-gecirildi","status":"publish","type":"post","link":"https:\/\/www.egemtv.com\/?p=44232","title":{"rendered":"Isparta\u2019da jandarmadan tarihi eser operasyonu: Bin 155 sikke ele ge\u00e7irildi"},"content":{"rendered":"<p>Isparta \u0130l Jandarma Komutanl\u0131\u011f\u0131 ekiplerince d\u00fczenlenen operasyonda, bin 155 adet tarihi sikke ele ge\u00e7irilirken, olayla ba\u011flant\u0131l\u0131 4 \u015f\u00fcpheli hakk\u0131nda adli i\u015flem ba\u015flat\u0131ld\u0131.<br \/>\n<br \/>Isparta \u0130l Jandarma Komutanl\u0131\u011f\u0131 ekipleri, tarihi ve k\u00fclt\u00fcrel miras\u0131n korunmas\u0131na y\u00f6nelik y\u00fcr\u00fct\u00fclen \u00e7al\u0131\u015fmalar kapsam\u0131nda, 22 Temmuz Sal\u0131 g\u00fcn\u00fc Merkez il\u00e7ede operasyon d\u00fczenledi. Yap\u0131lan operasyonda, tarihi eser niteli\u011fi ta\u015f\u0131d\u0131\u011f\u0131 de\u011ferlendirilen toplam bin 155 adet sikke ele ge\u00e7irildi. Olayla ilgili 4 \u015f\u00fcpheli hakk\u0131nda adli i\u015flem ba\u015flat\u0131ld\u0131\u011f\u0131 bildirildi. Ele ge\u00e7irilen sikkelerin incelenmek \u00fczere ilgili birimlere teslim edildi\u011fi belirtildi. Jandarma ekiplerinin, tarihi eser ka\u00e7ak\u00e7\u0131l\u0131\u011f\u0131na kar\u015f\u0131 m\u00fccadeleyi aral\u0131ks\u0131z s\u00fcrd\u00fcrece\u011fi ifade edildi.<br \/><\/p>\n","protected":false},"excerpt":{"rendered":"<p>Isparta \u0130l Jandarma Komutanl\u0131\u011f\u0131 ekiplerince d\u00fczenlenen operasyonda, bin 155 adet tarihi sikke ele ge\u00e7irilirken, olayla ba\u011flant\u0131l\u0131 4 \u015f\u00fcpheli hakk\u0131nda adli i\u015flem ba\u015flat\u0131ld\u0131. Isparta \u0130l Jandarma Komutanl\u0131\u011f\u0131 ekipleri, tarihi ve k\u00fclt\u00fcrel miras\u0131n korunmas\u0131na y\u00f6nelik y\u00fcr\u00fct\u00fclen \u00e7al\u0131\u015fmalar kapsam\u0131nda, 22 Temmuz Sal\u0131 g\u00fcn\u00fc Merkez il\u00e7ede operasyon d\u00fczenledi. Yap\u0131lan operasyonda, tarihi eser niteli\u011fi ta\u015f\u0131d\u0131\u011f\u0131 de\u011ferlendirilen toplam bin 155 adet&#8230;<\/p>\n","protected":false},"author":1,"featured_media":44233,"comment_status":"open","ping_status":"open","sticky":false,"template":"","format":"standard","meta":{"_crdt_document":"","footnotes":""},"categories":[5],"tags":[],"class_list":["post-44232","post","type-post","status-publish","format-standard","has-post-thumbnail","hentry","category-asayis"],"_links":{"self":[{"href":"https:\/\/www.egemtv.com\/index.php?rest_route=\/wp\/v2\/posts\/44232","targetHints":{"allow":["GET"]}}],"collection":[{"href":"https:\/\/www.egemtv.com\/index.php?rest_route=\/wp\/v2\/posts"}],"about":[{"href":"https:\/\/www.egemtv.com\/index.php?rest_route=\/wp\/v2\/types\/post"}],"author":[{"embeddable":true,"href":"https:\/\/www.egemtv.com\/index.php?rest_route=\/wp\/v2\/users\/1"}],"replies":[{"embeddable":true,"href":"https:\/\/www.egemtv.com\/index.php?rest_route=%2Fwp%2Fv2%2Fcomments&post=44232"}],"version-history":[{"count":1,"href":"https:\/\/www.egemtv.com\/index.php?rest_route=\/wp\/v2\/posts\/44232\/revisions"}],"predecessor-version":[{"id":44234,"href":"https:\/\/www.egemtv.com\/index.php?rest_route=\/wp\/v2\/posts\/44232\/revisions\/44234"}],"wp:featuredmedia":[{"embeddable":true,"href":"https:\/\/www.egemtv.com\/index.php?rest_route=\/wp\/v2\/media\/44233"}],"wp:attachment":[{"href":"https:\/\/www.egemtv.com\/index.php?rest_route=%2Fwp%2Fv2%2Fmedia&parent=44232"}],"wp:term":[{"taxonomy":"category","embeddable":true,"href":"https:\/\/www.egemtv.com\/index.php?rest_route=%2Fwp%2Fv2%2Fcategories&post=44232"},{"taxonomy":"post_tag","embeddable":true,"href":"https:\/\/www.egemtv.com\/index.php?rest_route=%2Fwp%2Fv2%2Ftags&post=44232"}],"curies":[{"name":"wp","href":"https:\/\/api.w.org\/{rel}","templated":true}]}}