{"id":44226,"date":"2025-07-24T12:34:58","date_gmt":"2025-07-24T09:34:58","guid":{"rendered":"https:\/\/www.egemtv.com\/?p=44226"},"modified":"2025-07-24T12:34:59","modified_gmt":"2025-07-24T09:34:59","slug":"yalikavakspor-baskani-palali-kulubu-7-milyon-borcla-devraldiklarini-acikladi","status":"publish","type":"post","link":"https:\/\/www.egemtv.com\/?p=44226","title":{"rendered":"Yal\u0131kavakspor Ba\u015fkan\u0131 Palal\u0131 kul\u00fcb\u00fc 7 milyon bor\u00e7la devrald\u0131klar\u0131n\u0131 a\u00e7\u0131klad\u0131"},"content":{"rendered":"<p>Kad\u0131n hentbolunun y\u00fckselen y\u0131ld\u0131zlar\u0131ndan Armada Praxis Yal\u0131kavakspor Kul\u00fcb\u00fc, yeni y\u00f6netimiyle birlikte Bodrum Golf Club\u2019ta d\u00fczenlenen etkinlikte bas\u0131n mensuplar\u0131yla bir araya geldi. Kul\u00fcp Ba\u015fkan\u0131 Emin Palal\u0131 ve Asba\u015fkan Selim Y\u0131ld\u0131z, toplant\u0131da \u00f6nemli a\u00e7\u0131klamalarda bulundu.<\/p>\n<p>Brunch \u015feklinde organize edilen bulu\u015fmaya, y\u00f6netim kurulu \u00fcyeleri ile birlikte tak\u0131m sporcular\u0131 da antrenman sonras\u0131 kat\u0131ld\u0131. Etkinlikte Bodrum Belediye Ba\u015fkan Yard\u0131mc\u0131lar\u0131 Ahmet Y\u0131ld\u0131zhan ve Kanat \u00d6zsert, Bodrum Belediyesi Koordinat\u00f6r\u00fc Emel \u00c7akalo\u011flu ile Bodrum Gen\u00e7lik ve Spor \u0130l\u00e7e M\u00fcd\u00fcr\u00fc Oktay Dumruk da yer ald\u0131. Renkli anlara sahne olan program, toplu foto\u011fraf \u00e7ekimiyle sona erdi.<\/p>\n<p>&#8220;7 milyon TL bor\u00e7la devrald\u0131k ama umudumuz b\u00fcy\u00fck&#8221;<br \/>\n<br \/>Kul\u00fcp Ba\u015fkan\u0131 Emin Palal\u0131, kul\u00fcb\u00fc yakla\u015f\u0131k 7 milyon TL bor\u00e7la devrald\u0131klar\u0131n\u0131 belirterek \u015fu ifadeleri kulland\u0131:<br \/>\n<br \/>&#8220;Yeni bir sezona, yeni bir y\u00f6netimle ba\u015fl\u0131yoruz. Bodrum\u2019da be\u015f kupas\u0131 olan, Avrupa\u2019da m\u00fccadele eden, Mu\u011fla\u2019da g\u00f6\u011fs\u00fcnde ay-y\u0131ld\u0131z ta\u015f\u0131yan tek tak\u0131m biziz. Ge\u00e7mi\u015fin y\u00fcklerini omuzlayarak gelece\u011fi birlikte in\u015fa edece\u011fiz. \u00d6zellikle Bodrum\u2019da spora sahip \u00e7\u0131kan Say\u0131n Ahmet Aras\u2019a ve Tamer Mandalinci Ba\u015fkan\u0131m\u0131za te\u015fekk\u00fcr ediyoruz&#8221;<\/p>\n<p>&#8220;Gen\u00e7 ve dinamik kadroyla g\u00fc\u00e7l\u00fcy\u00fcz&#8221;<br \/>\n<br \/>Kul\u00fcp Asba\u015fkan\u0131 Selim Y\u0131ld\u0131z ise, yeni y\u00f6netimin enerjisine dikkat \u00e7ekerek \u015funlar\u0131 s\u00f6yledi:<br \/>\n<br \/>&#8220;Yeni y\u00f6netim olarak kul\u00fcb\u00fcm\u00fcz\u00fc daha ileri ta\u015f\u0131mak i\u00e7in haz\u0131r\u0131z. Ba\u015fkan\u0131m\u0131z Emin Palal\u0131 ile daha \u00f6nce de birlikte \u00e7al\u0131\u015ft\u0131k. Gen\u00e7 arkada\u015flar\u0131m\u0131z\u0131n enerjisiyle Armada Praxis Yal\u0131kavak\u2019\u0131 hem T\u00fcrkiye\u2019de hem Avrupa\u2019da daha g\u00fc\u00e7l\u00fc hale getirece\u011fiz. Bas\u0131na da ayr\u0131ca te\u015fekk\u00fcr ederiz; bug\u00fcne kadar hep yan\u0131m\u0131zda oldular&#8221;<\/p>\n<p>Armada Praxis Yal\u0131kavak Spor Kul\u00fcb\u00fc\u2019n\u00fcn yeni y\u00f6netimi, yaln\u0131zca sportif ba\u015far\u0131larla de\u011fil, \u00e7ocuklar\u0131 ve gen\u00e7leri spora y\u00f6nlendiren projelerle de \u00f6ne \u00e7\u0131kmay\u0131 hedefliyor. Yeni d\u00f6nem, kul\u00fcp i\u00e7in s\u00fcrd\u00fcr\u00fclebilir bir yap\u0131lanma ve kurumsalla\u015fma s\u00fcrecini de beraberinde getirecek.<br \/><\/p>\n","protected":false},"excerpt":{"rendered":"<p>Kad\u0131n hentbolunun y\u00fckselen y\u0131ld\u0131zlar\u0131ndan Armada Praxis Yal\u0131kavakspor Kul\u00fcb\u00fc, yeni y\u00f6netimiyle birlikte Bodrum Golf Club\u2019ta d\u00fczenlenen etkinlikte bas\u0131n mensuplar\u0131yla bir araya geldi. Kul\u00fcp Ba\u015fkan\u0131 Emin Palal\u0131 ve Asba\u015fkan Selim Y\u0131ld\u0131z, toplant\u0131da \u00f6nemli a\u00e7\u0131klamalarda bulundu. Brunch \u015feklinde organize edilen bulu\u015fmaya, y\u00f6netim kurulu \u00fcyeleri ile birlikte tak\u0131m sporcular\u0131 da antrenman sonras\u0131 kat\u0131ld\u0131. Etkinlikte Bodrum Belediye Ba\u015fkan Yard\u0131mc\u0131lar\u0131 Ahmet&#8230;<\/p>\n","protected":false},"author":1,"featured_media":44227,"comment_status":"open","ping_status":"open","sticky":false,"template":"","format":"standard","meta":{"_crdt_document":"","footnotes":""},"categories":[4],"tags":[],"class_list":["post-44226","post","type-post","status-publish","format-standard","has-post-thumbnail","hentry","category-spor"],"_links":{"self":[{"href":"https:\/\/www.egemtv.com\/index.php?rest_route=\/wp\/v2\/posts\/44226","targetHints":{"allow":["GET"]}}],"collection":[{"href":"https:\/\/www.egemtv.com\/index.php?rest_route=\/wp\/v2\/posts"}],"about":[{"href":"https:\/\/www.egemtv.com\/index.php?rest_route=\/wp\/v2\/types\/post"}],"author":[{"embeddable":true,"href":"https:\/\/www.egemtv.com\/index.php?rest_route=\/wp\/v2\/users\/1"}],"replies":[{"embeddable":true,"href":"https:\/\/www.egemtv.com\/index.php?rest_route=%2Fwp%2Fv2%2Fcomments&post=44226"}],"version-history":[{"count":1,"href":"https:\/\/www.egemtv.com\/index.php?rest_route=\/wp\/v2\/posts\/44226\/revisions"}],"predecessor-version":[{"id":44228,"href":"https:\/\/www.egemtv.com\/index.php?rest_route=\/wp\/v2\/posts\/44226\/revisions\/44228"}],"wp:featuredmedia":[{"embeddable":true,"href":"https:\/\/www.egemtv.com\/index.php?rest_route=\/wp\/v2\/media\/44227"}],"wp:attachment":[{"href":"https:\/\/www.egemtv.com\/index.php?rest_route=%2Fwp%2Fv2%2Fmedia&parent=44226"}],"wp:term":[{"taxonomy":"category","embeddable":true,"href":"https:\/\/www.egemtv.com\/index.php?rest_route=%2Fwp%2Fv2%2Fcategories&post=44226"},{"taxonomy":"post_tag","embeddable":true,"href":"https:\/\/www.egemtv.com\/index.php?rest_route=%2Fwp%2Fv2%2Ftags&post=44226"}],"curies":[{"name":"wp","href":"https:\/\/api.w.org\/{rel}","templated":true}]}}