{"id":44184,"date":"2025-07-24T10:54:58","date_gmt":"2025-07-24T07:54:58","guid":{"rendered":"https:\/\/www.egemtv.com\/?p=44184"},"modified":"2025-07-24T10:54:58","modified_gmt":"2025-07-24T07:54:58","slug":"medical-point-hastanesine-prestijli-odul","status":"publish","type":"post","link":"https:\/\/www.egemtv.com\/?p=44184","title":{"rendered":"Medical Point Hastanesine prestijli \u00f6d\u00fcl"},"content":{"rendered":"<p>\u0130zmir Ekonomi \u00dcniversitesi Medical Point Hastanesi, SKD T\u00fcrkiye taraf\u0131ndan S\u00fcrd\u00fcr\u00fclebilirlik ve \u00c7evre Y\u00f6netimi \u00d6d\u00fcl\u00fc\u2019n\u00fc almaya hak kazand\u0131.<br \/>\n<br \/>\u0130zmir Ekonomi \u00dcniversitesi Medical Point Hastanesi, \u00e7evresel sorumluluk bilinci ve s\u00fcrd\u00fcr\u00fclebilir kalk\u0131nmaya olan katk\u0131s\u0131yla, \u0130\u015f D\u00fcnyas\u0131 ve S\u00fcrd\u00fcr\u00fclebilir Kalk\u0131nma Derne\u011fi (SKD T\u00fcrkiye) taraf\u0131ndan S\u00fcrd\u00fcr\u00fclebilirlik ve \u00c7evre Y\u00f6netimi \u00d6d\u00fcl\u00fc\u2019ne lay\u0131k g\u00f6r\u00fcld\u00fc.<br \/>\n<br \/>Karbon ayak izini azaltan projelerden, kaynak verimlili\u011fi sa\u011flayan uygulamalara; at\u0131k y\u00f6netiminden enerji tasarrufuna kadar pek \u00e7ok alanda hayata ge\u00e7irdi\u011fi sistematik \u00e7evre politikalar\u0131yla dikkat \u00e7eken Medical Point Hastanesi, sa\u011fl\u0131k alan\u0131nda sadece tedavi de\u011fil, daha sa\u011fl\u0131kl\u0131 bir gelecek i\u00e7in ekolojik duyarl\u0131l\u0131\u011f\u0131 da ilke edinen \u0130E\u00dc Medical Point Hastanesi, bu \u00f6nemli \u00f6d\u00fclle \u00e7evresel y\u00f6netim anlay\u0131\u015f\u0131n\u0131 bir kez daha ta\u00e7land\u0131rd\u0131.<\/p>\n<p>&#8220;Bize ilham ve sorumluluk&#8221;<br \/>\n<br \/>Hastane ad\u0131na a\u00e7\u0131klamada bulunan Medical Point Hastaneler Grubu Y\u00f6netim Kurulu Ba\u015fkan\u0131 Veysi Kubba, &#8220;Bu \u00f6d\u00fcl, s\u00fcrd\u00fcr\u00fclebilirlik vizyonumuzun ve k\u00fclt\u00fcr\u00fcm\u00fcz\u00fcn bir yans\u0131mas\u0131d\u0131r. Uluslararas\u0131 alandaki kalite yakla\u015f\u0131m\u0131m\u0131z\u0131n, enerji ve \u00e7evre y\u00f6netim sistemlerimizin uyumlu ve etkin i\u015fleyi\u015fiyle kazand\u0131\u011f\u0131m\u0131z bu ba\u015far\u0131, bize hem ilham hem sorumluluk y\u00fckl\u00fcyor.&#8221; dedi.<br \/><\/p>\n","protected":false},"excerpt":{"rendered":"<p>\u0130zmir Ekonomi \u00dcniversitesi Medical Point Hastanesi, SKD T\u00fcrkiye taraf\u0131ndan S\u00fcrd\u00fcr\u00fclebilirlik ve \u00c7evre Y\u00f6netimi \u00d6d\u00fcl\u00fc\u2019n\u00fc almaya hak kazand\u0131. \u0130zmir Ekonomi \u00dcniversitesi Medical Point Hastanesi, \u00e7evresel sorumluluk bilinci ve s\u00fcrd\u00fcr\u00fclebilir kalk\u0131nmaya olan katk\u0131s\u0131yla, \u0130\u015f D\u00fcnyas\u0131 ve S\u00fcrd\u00fcr\u00fclebilir Kalk\u0131nma Derne\u011fi (SKD T\u00fcrkiye) taraf\u0131ndan S\u00fcrd\u00fcr\u00fclebilirlik ve \u00c7evre Y\u00f6netimi \u00d6d\u00fcl\u00fc\u2019ne lay\u0131k g\u00f6r\u00fcld\u00fc. Karbon ayak izini azaltan projelerden, kaynak verimlili\u011fi sa\u011flayan&#8230;<\/p>\n","protected":false},"author":1,"featured_media":44185,"comment_status":"open","ping_status":"open","sticky":false,"template":"","format":"standard","meta":{"_crdt_document":"","footnotes":""},"categories":[2],"tags":[],"class_list":["post-44184","post","type-post","status-publish","format-standard","has-post-thumbnail","hentry","category-saglik"],"_links":{"self":[{"href":"https:\/\/www.egemtv.com\/index.php?rest_route=\/wp\/v2\/posts\/44184","targetHints":{"allow":["GET"]}}],"collection":[{"href":"https:\/\/www.egemtv.com\/index.php?rest_route=\/wp\/v2\/posts"}],"about":[{"href":"https:\/\/www.egemtv.com\/index.php?rest_route=\/wp\/v2\/types\/post"}],"author":[{"embeddable":true,"href":"https:\/\/www.egemtv.com\/index.php?rest_route=\/wp\/v2\/users\/1"}],"replies":[{"embeddable":true,"href":"https:\/\/www.egemtv.com\/index.php?rest_route=%2Fwp%2Fv2%2Fcomments&post=44184"}],"version-history":[{"count":1,"href":"https:\/\/www.egemtv.com\/index.php?rest_route=\/wp\/v2\/posts\/44184\/revisions"}],"predecessor-version":[{"id":44186,"href":"https:\/\/www.egemtv.com\/index.php?rest_route=\/wp\/v2\/posts\/44184\/revisions\/44186"}],"wp:featuredmedia":[{"embeddable":true,"href":"https:\/\/www.egemtv.com\/index.php?rest_route=\/wp\/v2\/media\/44185"}],"wp:attachment":[{"href":"https:\/\/www.egemtv.com\/index.php?rest_route=%2Fwp%2Fv2%2Fmedia&parent=44184"}],"wp:term":[{"taxonomy":"category","embeddable":true,"href":"https:\/\/www.egemtv.com\/index.php?rest_route=%2Fwp%2Fv2%2Fcategories&post=44184"},{"taxonomy":"post_tag","embeddable":true,"href":"https:\/\/www.egemtv.com\/index.php?rest_route=%2Fwp%2Fv2%2Ftags&post=44184"}],"curies":[{"name":"wp","href":"https:\/\/api.w.org\/{rel}","templated":true}]}}