{"id":44181,"date":"2025-07-24T10:14:57","date_gmt":"2025-07-24T07:14:57","guid":{"rendered":"https:\/\/www.egemtv.com\/?p=44181"},"modified":"2025-07-24T10:14:58","modified_gmt":"2025-07-24T07:14:58","slug":"goztepe-basketboldan-forvet-takviyesi","status":"publish","type":"post","link":"https:\/\/www.egemtv.com\/?p=44181","title":{"rendered":"G\u00f6ztepe Basketbol\u2019dan forvet takviyesi"},"content":{"rendered":"<p>G\u00f6ztepe Basketbol, son olarak \u00c7a\u011fda\u015f Bodrumspor formas\u0131 giyen 1.94 metre boyundaki deneyimli forvet Ahmet Fatih Cantitiz\u2019i kadrosuna katt\u0131\u011f\u0131n\u0131 duyurdu.<br \/>\n<br \/>Ge\u00e7ti\u011fimiz sezon T\u00fcrkiye Basketbol 2. Ligi\u2019nde m\u00fccadele eden ve daha sonra final grubuna kalarak bir \u00fcst lig olan T\u00fcrkiye Basketbol Ligi\u2019ne \u00e7\u0131kmay\u0131 ba\u015faran G\u00f6ztepe Basketbol, yeni sezon kadro planlamas\u0131 kapsam\u0131nda \u00e7al\u0131\u015fmalar\u0131n\u0131 s\u00fcrd\u00fcrmeye devam ediyor. \u0130lk olarak 9 oyuncu ile yollar\u0131n\u0131 ay\u0131ran sar\u0131-k\u0131rm\u0131z\u0131l\u0131lar, ilk takviyesini de ger\u00e7ekle\u015ftirdi. \u0130zmir ekibi, son olarak \u00c7a\u011fda\u015f Bodrumspor formas\u0131 giyen 1.94 metre boyundaki deneyimli forvet Ahmet Fatih Cantitiz\u2019i kadrosuna katt\u0131\u011f\u0131n\u0131 duyurdu. Konuyla ilgili kul\u00fcpten yap\u0131lan a\u00e7\u0131klamada, &#8220;G\u00f6ztepe\u2019miz, 2025-2026 sezonu T\u00fcrkiye Basketbol Ligi kadro yap\u0131lanmas\u0131 do\u011frultusunda Ahmet Fatih Cantitiz ile anla\u015fmaya varm\u0131\u015ft\u0131r. Ahmet Fatih Cantitiz\u2019e kul\u00fcb\u00fcm\u00fcze ho\u015f geldin diyor, sar\u0131-k\u0131rm\u0131z\u0131 formayla ba\u015far\u0131l\u0131 bir sezon ge\u00e7irmesini diliyoruz&#8221; ifadelerine yer verildi.<br \/><\/p>\n","protected":false},"excerpt":{"rendered":"<p>G\u00f6ztepe Basketbol, son olarak \u00c7a\u011fda\u015f Bodrumspor formas\u0131 giyen 1.94 metre boyundaki deneyimli forvet Ahmet Fatih Cantitiz\u2019i kadrosuna katt\u0131\u011f\u0131n\u0131 duyurdu. Ge\u00e7ti\u011fimiz sezon T\u00fcrkiye Basketbol 2. Ligi\u2019nde m\u00fccadele eden ve daha sonra final grubuna kalarak bir \u00fcst lig olan T\u00fcrkiye Basketbol Ligi\u2019ne \u00e7\u0131kmay\u0131 ba\u015faran G\u00f6ztepe Basketbol, yeni sezon kadro planlamas\u0131 kapsam\u0131nda \u00e7al\u0131\u015fmalar\u0131n\u0131 s\u00fcrd\u00fcrmeye devam ediyor. \u0130lk olarak&#8230;<\/p>\n","protected":false},"author":1,"featured_media":44182,"comment_status":"open","ping_status":"open","sticky":false,"template":"","format":"standard","meta":{"_crdt_document":"","footnotes":""},"categories":[4],"tags":[],"class_list":["post-44181","post","type-post","status-publish","format-standard","has-post-thumbnail","hentry","category-spor"],"_links":{"self":[{"href":"https:\/\/www.egemtv.com\/index.php?rest_route=\/wp\/v2\/posts\/44181","targetHints":{"allow":["GET"]}}],"collection":[{"href":"https:\/\/www.egemtv.com\/index.php?rest_route=\/wp\/v2\/posts"}],"about":[{"href":"https:\/\/www.egemtv.com\/index.php?rest_route=\/wp\/v2\/types\/post"}],"author":[{"embeddable":true,"href":"https:\/\/www.egemtv.com\/index.php?rest_route=\/wp\/v2\/users\/1"}],"replies":[{"embeddable":true,"href":"https:\/\/www.egemtv.com\/index.php?rest_route=%2Fwp%2Fv2%2Fcomments&post=44181"}],"version-history":[{"count":1,"href":"https:\/\/www.egemtv.com\/index.php?rest_route=\/wp\/v2\/posts\/44181\/revisions"}],"predecessor-version":[{"id":44183,"href":"https:\/\/www.egemtv.com\/index.php?rest_route=\/wp\/v2\/posts\/44181\/revisions\/44183"}],"wp:featuredmedia":[{"embeddable":true,"href":"https:\/\/www.egemtv.com\/index.php?rest_route=\/wp\/v2\/media\/44182"}],"wp:attachment":[{"href":"https:\/\/www.egemtv.com\/index.php?rest_route=%2Fwp%2Fv2%2Fmedia&parent=44181"}],"wp:term":[{"taxonomy":"category","embeddable":true,"href":"https:\/\/www.egemtv.com\/index.php?rest_route=%2Fwp%2Fv2%2Fcategories&post=44181"},{"taxonomy":"post_tag","embeddable":true,"href":"https:\/\/www.egemtv.com\/index.php?rest_route=%2Fwp%2Fv2%2Ftags&post=44181"}],"curies":[{"name":"wp","href":"https:\/\/api.w.org\/{rel}","templated":true}]}}