{"id":44178,"date":"2025-07-24T10:14:57","date_gmt":"2025-07-24T07:14:57","guid":{"rendered":"https:\/\/www.egemtv.com\/?p=44178"},"modified":"2025-07-24T10:14:57","modified_gmt":"2025-07-24T07:14:57","slug":"sultanhisar-kaymakamligindan-asure-hayri","status":"publish","type":"post","link":"https:\/\/www.egemtv.com\/?p=44178","title":{"rendered":"Sultanhisar Kaymakaml\u0131\u011f\u0131\u2019ndan a\u015fure hayr\u0131"},"content":{"rendered":"<p>Ayd\u0131n\u2019\u0131n Sultanhisar il\u00e7esinde Kaymakaml\u0131k taraf\u0131ndan d\u00fczenlenen a\u015fure hayr\u0131nda protokol \u00fcyeleri ve vatanda\u015flar bir araya geldi.<\/p>\n<p>Sultanhisar Kaymakaml\u0131\u011f\u0131 taraf\u0131ndan Muharrem ay\u0131 dolay\u0131s\u0131yla d\u00fczenlenen a\u015fure hayr\u0131 geni\u015f kat\u0131l\u0131mla ger\u00e7ekle\u015ftirildi. \u0130l\u00e7e merkezindeki programda vatanda\u015flara a\u015fure ikram edildi. Etkinli\u011fe Sultanhisar Kaymakam\u0131 Ali Ekber Ate\u015f, Belediye Ba\u015fkan\u0131 Osman Y\u0131ld\u0131r\u0131mkaya, il\u00e7e protokol\u00fc, kurum amirleri, siyasi parti temsilcileri, mahalle muhtarlar\u0131 ve \u00e7ok say\u0131da vatanda\u015f kat\u0131ld\u0131.<\/p>\n<p>A\u015fure ikram\u0131n\u0131n ard\u0131ndan konu\u015fan Kaymakam Ate\u015f, &#8220;Birlik ve beraberli\u011fimizin peki\u015fti\u011fi bu anlaml\u0131 g\u00fcnde eme\u011fi ge\u00e7en herkese te\u015fekk\u00fcr ederim. Bu t\u00fcr geleneksel etkinlikler, toplumumuzun kayna\u015fmas\u0131na, ili\u015fkilerin g\u00fc\u00e7lenmesine katk\u0131 sa\u011fl\u0131yor&#8221; dedi.<br \/><\/p>\n","protected":false},"excerpt":{"rendered":"<p>Ayd\u0131n\u2019\u0131n Sultanhisar il\u00e7esinde Kaymakaml\u0131k taraf\u0131ndan d\u00fczenlenen a\u015fure hayr\u0131nda protokol \u00fcyeleri ve vatanda\u015flar bir araya geldi. Sultanhisar Kaymakaml\u0131\u011f\u0131 taraf\u0131ndan Muharrem ay\u0131 dolay\u0131s\u0131yla d\u00fczenlenen a\u015fure hayr\u0131 geni\u015f kat\u0131l\u0131mla ger\u00e7ekle\u015ftirildi. \u0130l\u00e7e merkezindeki programda vatanda\u015flara a\u015fure ikram edildi. Etkinli\u011fe Sultanhisar Kaymakam\u0131 Ali Ekber Ate\u015f, Belediye Ba\u015fkan\u0131 Osman Y\u0131ld\u0131r\u0131mkaya, il\u00e7e protokol\u00fc, kurum amirleri, siyasi parti temsilcileri, mahalle muhtarlar\u0131 ve \u00e7ok&#8230;<\/p>\n","protected":false},"author":1,"featured_media":44179,"comment_status":"open","ping_status":"open","sticky":false,"template":"","format":"standard","meta":{"_crdt_document":"","footnotes":""},"categories":[1],"tags":[],"class_list":["post-44178","post","type-post","status-publish","format-standard","has-post-thumbnail","hentry","category-guncel"],"_links":{"self":[{"href":"https:\/\/www.egemtv.com\/index.php?rest_route=\/wp\/v2\/posts\/44178","targetHints":{"allow":["GET"]}}],"collection":[{"href":"https:\/\/www.egemtv.com\/index.php?rest_route=\/wp\/v2\/posts"}],"about":[{"href":"https:\/\/www.egemtv.com\/index.php?rest_route=\/wp\/v2\/types\/post"}],"author":[{"embeddable":true,"href":"https:\/\/www.egemtv.com\/index.php?rest_route=\/wp\/v2\/users\/1"}],"replies":[{"embeddable":true,"href":"https:\/\/www.egemtv.com\/index.php?rest_route=%2Fwp%2Fv2%2Fcomments&post=44178"}],"version-history":[{"count":1,"href":"https:\/\/www.egemtv.com\/index.php?rest_route=\/wp\/v2\/posts\/44178\/revisions"}],"predecessor-version":[{"id":44180,"href":"https:\/\/www.egemtv.com\/index.php?rest_route=\/wp\/v2\/posts\/44178\/revisions\/44180"}],"wp:featuredmedia":[{"embeddable":true,"href":"https:\/\/www.egemtv.com\/index.php?rest_route=\/wp\/v2\/media\/44179"}],"wp:attachment":[{"href":"https:\/\/www.egemtv.com\/index.php?rest_route=%2Fwp%2Fv2%2Fmedia&parent=44178"}],"wp:term":[{"taxonomy":"category","embeddable":true,"href":"https:\/\/www.egemtv.com\/index.php?rest_route=%2Fwp%2Fv2%2Fcategories&post=44178"},{"taxonomy":"post_tag","embeddable":true,"href":"https:\/\/www.egemtv.com\/index.php?rest_route=%2Fwp%2Fv2%2Ftags&post=44178"}],"curies":[{"name":"wp","href":"https:\/\/api.w.org\/{rel}","templated":true}]}}