{"id":44175,"date":"2025-07-24T10:14:56","date_gmt":"2025-07-24T07:14:56","guid":{"rendered":"https:\/\/www.egemtv.com\/?p=44175"},"modified":"2025-07-24T10:14:57","modified_gmt":"2025-07-24T07:14:57","slug":"muglada-asiri-sicaklik-ve-dusuk-nem-alarmi","status":"publish","type":"post","link":"https:\/\/www.egemtv.com\/?p=44175","title":{"rendered":"Mu\u011fla\u2019da a\u015f\u0131r\u0131 s\u0131cakl\u0131k ve d\u00fc\u015f\u00fck nem alarm\u0131"},"content":{"rendered":"<p>Meteoroloji Genel M\u00fcd\u00fcrl\u00fc\u011f\u00fc\u2019nden al\u0131nan hava tahminlerine g\u00f6re, \u00f6n\u00fcm\u00fczdeki 4 g\u00fcn boyunca Mu\u011fla genelinde hava s\u0131cakl\u0131klar\u0131n\u0131n 41 dereceye kadar y\u00fckselmesi, r\u00fczgar h\u0131z\u0131n\u0131n saatte 35 kilometreye ula\u015fmas\u0131 ve nem oran\u0131n\u0131n y\u00fczde 9\u2019a kadar d\u00fc\u015fmesi bekleniyor. Bu meteorolojik \u015fartlar, orman yang\u0131nlar\u0131 a\u00e7\u0131s\u0131ndan son derece y\u00fcksek risk olu\u015fturuyor.<\/p>\n<p>Mu\u011fla\u2019n\u0131n orman varl\u0131\u011f\u0131 a\u00e7\u0131s\u0131ndan zengin bir yap\u0131ya sahip olmas\u0131, b\u00f6lgeyi yang\u0131n tehdidine kar\u015f\u0131 daha da hassas hale getiriyor. \u00d6zellikle basral\u0131 k\u0131z\u0131l\u00e7am ormanlar\u0131n\u0131n yo\u011fun oldu\u011fu b\u00f6lgelerde, bu hafta ya\u015fanabilecek muhtemel yang\u0131nlara kar\u015f\u0131 vatanda\u015flar\u0131n azami dikkatli ve duyarl\u0131 olmas\u0131 gerekiyor.<\/p>\n<p>Yetkililer, vatanda\u015flar\u0131 ormanl\u0131k alanlarda ate\u015f yak\u0131lmamas\u0131, an\u0131z ve ot yakma gibi faaliyetlerden kesinlikle ka\u00e7\u0131n\u0131lmas\u0131, sigara izmaritlerini geli\u015fig\u00fczel yerlere at\u0131lmamas\u0131, ormanl\u0131k alanlarda \u015f\u00fcpheli bir durum g\u00f6r\u00fcld\u00fc\u011f\u00fcnde 112 Acil \u00c7a\u011fr\u0131 Merkezi\u2019ne bildirim yap\u0131lmas\u0131 konusunda uyard\u0131.<\/p>\n<p>Ayr\u0131ca, yang\u0131nlara m\u00fcdahalede g\u00f6revli t\u00fcm kurumlar\u0131n alarm durumunda oldu\u011fu, ekiplerin muhtemel risklere kar\u015f\u0131 haz\u0131rl\u0131kl\u0131 bulundu\u011fu bildirildi.<br \/><\/p>\n","protected":false},"excerpt":{"rendered":"<p>Meteoroloji Genel M\u00fcd\u00fcrl\u00fc\u011f\u00fc\u2019nden al\u0131nan hava tahminlerine g\u00f6re, \u00f6n\u00fcm\u00fczdeki 4 g\u00fcn boyunca Mu\u011fla genelinde hava s\u0131cakl\u0131klar\u0131n\u0131n 41 dereceye kadar y\u00fckselmesi, r\u00fczgar h\u0131z\u0131n\u0131n saatte 35 kilometreye ula\u015fmas\u0131 ve nem oran\u0131n\u0131n y\u00fczde 9\u2019a kadar d\u00fc\u015fmesi bekleniyor. Bu meteorolojik \u015fartlar, orman yang\u0131nlar\u0131 a\u00e7\u0131s\u0131ndan son derece y\u00fcksek risk olu\u015fturuyor. Mu\u011fla\u2019n\u0131n orman varl\u0131\u011f\u0131 a\u00e7\u0131s\u0131ndan zengin bir yap\u0131ya sahip olmas\u0131, b\u00f6lgeyi yang\u0131n&#8230;<\/p>\n","protected":false},"author":1,"featured_media":44176,"comment_status":"open","ping_status":"open","sticky":false,"template":"","format":"standard","meta":{"_crdt_document":"","footnotes":""},"categories":[1],"tags":[],"class_list":["post-44175","post","type-post","status-publish","format-standard","has-post-thumbnail","hentry","category-guncel"],"_links":{"self":[{"href":"https:\/\/www.egemtv.com\/index.php?rest_route=\/wp\/v2\/posts\/44175","targetHints":{"allow":["GET"]}}],"collection":[{"href":"https:\/\/www.egemtv.com\/index.php?rest_route=\/wp\/v2\/posts"}],"about":[{"href":"https:\/\/www.egemtv.com\/index.php?rest_route=\/wp\/v2\/types\/post"}],"author":[{"embeddable":true,"href":"https:\/\/www.egemtv.com\/index.php?rest_route=\/wp\/v2\/users\/1"}],"replies":[{"embeddable":true,"href":"https:\/\/www.egemtv.com\/index.php?rest_route=%2Fwp%2Fv2%2Fcomments&post=44175"}],"version-history":[{"count":1,"href":"https:\/\/www.egemtv.com\/index.php?rest_route=\/wp\/v2\/posts\/44175\/revisions"}],"predecessor-version":[{"id":44177,"href":"https:\/\/www.egemtv.com\/index.php?rest_route=\/wp\/v2\/posts\/44175\/revisions\/44177"}],"wp:featuredmedia":[{"embeddable":true,"href":"https:\/\/www.egemtv.com\/index.php?rest_route=\/wp\/v2\/media\/44176"}],"wp:attachment":[{"href":"https:\/\/www.egemtv.com\/index.php?rest_route=%2Fwp%2Fv2%2Fmedia&parent=44175"}],"wp:term":[{"taxonomy":"category","embeddable":true,"href":"https:\/\/www.egemtv.com\/index.php?rest_route=%2Fwp%2Fv2%2Fcategories&post=44175"},{"taxonomy":"post_tag","embeddable":true,"href":"https:\/\/www.egemtv.com\/index.php?rest_route=%2Fwp%2Fv2%2Ftags&post=44175"}],"curies":[{"name":"wp","href":"https:\/\/api.w.org\/{rel}","templated":true}]}}