{"id":44172,"date":"2025-07-24T10:14:55","date_gmt":"2025-07-24T07:14:55","guid":{"rendered":"https:\/\/www.egemtv.com\/?p=44172"},"modified":"2025-07-24T10:14:56","modified_gmt":"2025-07-24T07:14:56","slug":"izmirde-21-yil-hapis-cezasiyla-aranan-hirsiz-yakalandi","status":"publish","type":"post","link":"https:\/\/www.egemtv.com\/?p=44172","title":{"rendered":"\u0130zmir\u2019de 21 y\u0131l hapis cezas\u0131yla aranan h\u0131rs\u0131z yakaland\u0131"},"content":{"rendered":"<p>\u0130zmir\u2019de h\u0131rs\u0131zl\u0131k su\u00e7undan 21 y\u0131l kesinle\u015fmi\u015f hapis cezas\u0131 ile aranan h\u00fck\u00fcml\u00fc, polis ekiplerince yakalan\u0131p cezaevine g\u00f6nderildi.<br \/>\n<br \/>Edinilen bilgiye g\u00f6re, \u0130l Emniyet M\u00fcd\u00fcrl\u00fc\u011f\u00fcne ba\u011fl\u0131 Asayi\u015f \u015eube M\u00fcd\u00fcrl\u00fc\u011f\u00fc ekiplerince aranan \u015fah\u0131slar\u0131n yakalanmas\u0131na y\u00f6nelik uygulama ger\u00e7ekle\u015ftirildi. \u00c7al\u0131\u015fmalar neticesinde h\u0131rs\u0131zl\u0131k su\u00e7undan 21 y\u0131l 8 ay kesinle\u015fmi\u015f hapis cezas\u0131yla aranan S.\u0130.\u0130, polis ekiplerince yakalan\u0131p g\u00f6zalt\u0131na al\u0131nd\u0131. Emniyetteki i\u015flemleri ard\u0131ndan adli mercilere sevk edilen S.\u0130.\u0130., tutuklanarak cezaevine g\u00f6nderildi.<br \/><\/p>\n","protected":false},"excerpt":{"rendered":"<p>\u0130zmir\u2019de h\u0131rs\u0131zl\u0131k su\u00e7undan 21 y\u0131l kesinle\u015fmi\u015f hapis cezas\u0131 ile aranan h\u00fck\u00fcml\u00fc, polis ekiplerince yakalan\u0131p cezaevine g\u00f6nderildi. Edinilen bilgiye g\u00f6re, \u0130l Emniyet M\u00fcd\u00fcrl\u00fc\u011f\u00fcne ba\u011fl\u0131 Asayi\u015f \u015eube M\u00fcd\u00fcrl\u00fc\u011f\u00fc ekiplerince aranan \u015fah\u0131slar\u0131n yakalanmas\u0131na y\u00f6nelik uygulama ger\u00e7ekle\u015ftirildi. \u00c7al\u0131\u015fmalar neticesinde h\u0131rs\u0131zl\u0131k su\u00e7undan 21 y\u0131l 8 ay kesinle\u015fmi\u015f hapis cezas\u0131yla aranan S.\u0130.\u0130, polis ekiplerince yakalan\u0131p g\u00f6zalt\u0131na al\u0131nd\u0131. Emniyetteki i\u015flemleri ard\u0131ndan adli&#8230;<\/p>\n","protected":false},"author":1,"featured_media":44173,"comment_status":"open","ping_status":"open","sticky":false,"template":"","format":"standard","meta":{"_crdt_document":"","footnotes":""},"categories":[5],"tags":[],"class_list":["post-44172","post","type-post","status-publish","format-standard","has-post-thumbnail","hentry","category-asayis"],"_links":{"self":[{"href":"https:\/\/www.egemtv.com\/index.php?rest_route=\/wp\/v2\/posts\/44172","targetHints":{"allow":["GET"]}}],"collection":[{"href":"https:\/\/www.egemtv.com\/index.php?rest_route=\/wp\/v2\/posts"}],"about":[{"href":"https:\/\/www.egemtv.com\/index.php?rest_route=\/wp\/v2\/types\/post"}],"author":[{"embeddable":true,"href":"https:\/\/www.egemtv.com\/index.php?rest_route=\/wp\/v2\/users\/1"}],"replies":[{"embeddable":true,"href":"https:\/\/www.egemtv.com\/index.php?rest_route=%2Fwp%2Fv2%2Fcomments&post=44172"}],"version-history":[{"count":1,"href":"https:\/\/www.egemtv.com\/index.php?rest_route=\/wp\/v2\/posts\/44172\/revisions"}],"predecessor-version":[{"id":44174,"href":"https:\/\/www.egemtv.com\/index.php?rest_route=\/wp\/v2\/posts\/44172\/revisions\/44174"}],"wp:featuredmedia":[{"embeddable":true,"href":"https:\/\/www.egemtv.com\/index.php?rest_route=\/wp\/v2\/media\/44173"}],"wp:attachment":[{"href":"https:\/\/www.egemtv.com\/index.php?rest_route=%2Fwp%2Fv2%2Fmedia&parent=44172"}],"wp:term":[{"taxonomy":"category","embeddable":true,"href":"https:\/\/www.egemtv.com\/index.php?rest_route=%2Fwp%2Fv2%2Fcategories&post=44172"},{"taxonomy":"post_tag","embeddable":true,"href":"https:\/\/www.egemtv.com\/index.php?rest_route=%2Fwp%2Fv2%2Ftags&post=44172"}],"curies":[{"name":"wp","href":"https:\/\/api.w.org\/{rel}","templated":true}]}}