{"id":44169,"date":"2025-07-24T09:56:15","date_gmt":"2025-07-24T06:56:15","guid":{"rendered":"https:\/\/www.egemtv.com\/?p=44169"},"modified":"2025-07-24T09:56:15","modified_gmt":"2025-07-24T06:56:15","slug":"izmirde-sigara-denetiminde-136-isletme-ile-159-kisiye-idari-para-cezasi-uygulandi","status":"publish","type":"post","link":"https:\/\/www.egemtv.com\/?p=44169","title":{"rendered":"\u0130zmir\u2019de sigara denetiminde 136 i\u015fletme ile 159 ki\u015fiye idari para cezas\u0131 uyguland\u0131"},"content":{"rendered":"<p>\u0130zmir\u2019de kafe ve restoranlarda e\u015f zamanl\u0131 yap\u0131lan sigara kontrollerinde 136 i\u015fletme ile 159 ki\u015fiye idari para cezas\u0131 kesildi.<br \/>\n<br \/>Sa\u011fl\u0131k Bakanl\u0131\u011f\u0131\u2019nca ba\u015flat\u0131lan &#8220;Dumans\u0131z T\u00fcrkiye&#8221; kampanyas\u0131 \u00e7er\u00e7evesinde, 4207 Say\u0131l\u0131 T\u00fct\u00fcn \u00dcr\u00fcnlerinin Zararlar\u0131n\u0131n \u00d6nlenmesi ve Kontrol\u00fc Hakk\u0131nda Kanun kapsam\u0131nda \u0130zmir\u2019de e\u015f zamanl\u0131 denetimler ger\u00e7ekle\u015ftirildi. Sa\u011fl\u0131k Bakan\u0131 Kemal Memi\u015fo\u011flu\u2019nun talimat\u0131yla ba\u015flat\u0131lan uygulama, \u0130stanbul ve Ankara ile birlikte \u0130zmir\u2019de de sahada yo\u011fun \u015fekilde s\u00fcrd\u00fcr\u00fcl\u00fcyor.<br \/>\n<br \/>\u0130l Emniyet M\u00fcd\u00fcrl\u00fc\u011f\u00fc ekiplerince \u0130l Sa\u011fl\u0131k M\u00fcd\u00fcrl\u00fc\u011f\u00fc koordinesinde y\u00fcr\u00fct\u00fclen denetimlerin ilk iki g\u00fcn\u00fcnde kent genelinde 2 bin 573 i\u015fletme kontrol edildi. Denetimlerde kanuna ayk\u0131r\u0131 hareket etti\u011fi tespit edilen 136 i\u015fletme ile 159 ki\u015fiye idari para cezas\u0131 kesildi. Yetkililer, denetimlerin temel amac\u0131n\u0131n vatanda\u015flar\u0131n temiz hava soluma hakk\u0131n\u0131n korunmas\u0131, pasif i\u00e7icili\u011fin \u00f6nlenmesi ve toplum sa\u011fl\u0131\u011f\u0131n\u0131n g\u00fcvence alt\u0131na al\u0131nmas\u0131 oldu\u011funu vurgulad\u0131. Denetimlerin \u00f6n\u00fcm\u00fczdeki g\u00fcnlerde de aral\u0131ks\u0131z s\u00fcrece\u011fi bildirildi.<\/p>\n<p>&#8220;T\u00fct\u00fcnle m\u00fccadelede kararl\u0131y\u0131z&#8221;<br \/>\n<br \/>Denetimler hakk\u0131nda a\u00e7\u0131klamalarda bulunan \u0130zmir \u0130l Sa\u011fl\u0131k M\u00fcd\u00fcr\u00fc Dr. \u00d6\u011fretim \u00dcyesi Mehmet Burak \u00d6ztop, &#8220;\u0130limizde y\u00fcr\u00fct\u00fclen bu kapsaml\u0131 denetimlerde Manisa, Ayd\u0131n, Denizli, U\u015fak, Mu\u011fla ve K\u00fctahya gibi kom\u015fu illerimizden gelen ekipler, Merkezde \u0130l Emniyet M\u00fcd\u00fcrl\u00fc\u011f\u00fc ve periferde \u0130l Jandarma Komutanl\u0131\u011f\u0131n\u0131n destekleri ile koordineli \u015fekilde sahada g\u00f6rev yap\u0131yor. Amac\u0131m\u0131z; vatanda\u015flar\u0131m\u0131z\u0131n temiz hava soluma hakk\u0131n\u0131 korumak, pasif etkilenimi en aza indirmek ve halk sa\u011fl\u0131\u011f\u0131n\u0131 tehdit eden t\u00fct\u00fcn kullan\u0131m\u0131n\u0131 kontrol alt\u0131na almakt\u0131r. \u015eu ana kadar toplam 2 bin 573 denetim ger\u00e7ekle\u015ftirdik. Bu denetimler sonucunda, 136 i\u015fletmeye ve 159 ki\u015fiye idari para cezas\u0131 uygulad\u0131k. \u00d6zellikle kapal\u0131 alanlarda t\u00fct\u00fcn kullan\u0131m\u0131na m\u00fcsaade eden i\u015fletmeler ba\u015fta olmak \u00fczere; nargile sunumu, tek dal sigara ve elektronik sigara sat\u0131\u015f\u0131na y\u00f6nelik ihlaller de denetim kapsam\u0131ndad\u0131r&#8221; dedi.<\/p>\n<p>&#8220;Denetimlerimiz devam edecek&#8221;<br \/>\n<br \/>\u00d6ztop, &#8220;Yakla\u015f\u0131k 90 ekip ve 250 denet\u00e7iyle bug\u00fcn ve yar\u0131n da ayn\u0131 titizlikle devam edecek. Bu s\u00fcre\u00e7te vatanda\u015flar\u0131m\u0131z\u0131n da t\u00fct\u00fcns\u00fcz ve sa\u011fl\u0131kl\u0131 bir ya\u015fam ortam\u0131 i\u00e7in bize destek olmalar\u0131n\u0131 bekliyoruz. ALO 184 hatt\u0131 ya da Ye\u015fil Dedekt\u00f6r mobil uygulamas\u0131 \u00fczerinden ihlalleri bildirmeleri \u00e7ok k\u0131ymetli. T\u00fct\u00fcnle m\u00fccadelede kararl\u0131y\u0131z. Halk sa\u011fl\u0131\u011f\u0131n\u0131 tehdit eden hi\u00e7bir unsura ge\u00e7it vermeyece\u011fiz&#8221; ifadelerine yer verdi.<br \/><\/p>\n","protected":false},"excerpt":{"rendered":"<p>\u0130zmir\u2019de kafe ve restoranlarda e\u015f zamanl\u0131 yap\u0131lan sigara kontrollerinde 136 i\u015fletme ile 159 ki\u015fiye idari para cezas\u0131 kesildi. Sa\u011fl\u0131k Bakanl\u0131\u011f\u0131\u2019nca ba\u015flat\u0131lan &#8220;Dumans\u0131z T\u00fcrkiye&#8221; kampanyas\u0131 \u00e7er\u00e7evesinde, 4207 Say\u0131l\u0131 T\u00fct\u00fcn \u00dcr\u00fcnlerinin Zararlar\u0131n\u0131n \u00d6nlenmesi ve Kontrol\u00fc Hakk\u0131nda Kanun kapsam\u0131nda \u0130zmir\u2019de e\u015f zamanl\u0131 denetimler ger\u00e7ekle\u015ftirildi. Sa\u011fl\u0131k Bakan\u0131 Kemal Memi\u015fo\u011flu\u2019nun talimat\u0131yla ba\u015flat\u0131lan uygulama, \u0130stanbul ve Ankara ile birlikte \u0130zmir\u2019de de&#8230;<\/p>\n","protected":false},"author":1,"featured_media":44170,"comment_status":"open","ping_status":"open","sticky":false,"template":"","format":"standard","meta":{"_crdt_document":"","footnotes":""},"categories":[5],"tags":[],"class_list":["post-44169","post","type-post","status-publish","format-standard","has-post-thumbnail","hentry","category-asayis"],"_links":{"self":[{"href":"https:\/\/www.egemtv.com\/index.php?rest_route=\/wp\/v2\/posts\/44169","targetHints":{"allow":["GET"]}}],"collection":[{"href":"https:\/\/www.egemtv.com\/index.php?rest_route=\/wp\/v2\/posts"}],"about":[{"href":"https:\/\/www.egemtv.com\/index.php?rest_route=\/wp\/v2\/types\/post"}],"author":[{"embeddable":true,"href":"https:\/\/www.egemtv.com\/index.php?rest_route=\/wp\/v2\/users\/1"}],"replies":[{"embeddable":true,"href":"https:\/\/www.egemtv.com\/index.php?rest_route=%2Fwp%2Fv2%2Fcomments&post=44169"}],"version-history":[{"count":1,"href":"https:\/\/www.egemtv.com\/index.php?rest_route=\/wp\/v2\/posts\/44169\/revisions"}],"predecessor-version":[{"id":44171,"href":"https:\/\/www.egemtv.com\/index.php?rest_route=\/wp\/v2\/posts\/44169\/revisions\/44171"}],"wp:featuredmedia":[{"embeddable":true,"href":"https:\/\/www.egemtv.com\/index.php?rest_route=\/wp\/v2\/media\/44170"}],"wp:attachment":[{"href":"https:\/\/www.egemtv.com\/index.php?rest_route=%2Fwp%2Fv2%2Fmedia&parent=44169"}],"wp:term":[{"taxonomy":"category","embeddable":true,"href":"https:\/\/www.egemtv.com\/index.php?rest_route=%2Fwp%2Fv2%2Fcategories&post=44169"},{"taxonomy":"post_tag","embeddable":true,"href":"https:\/\/www.egemtv.com\/index.php?rest_route=%2Fwp%2Fv2%2Ftags&post=44169"}],"curies":[{"name":"wp","href":"https:\/\/api.w.org\/{rel}","templated":true}]}}