{"id":44166,"date":"2025-07-24T09:56:14","date_gmt":"2025-07-24T06:56:14","guid":{"rendered":"https:\/\/www.egemtv.com\/?p=44166"},"modified":"2025-07-24T09:56:15","modified_gmt":"2025-07-24T06:56:15","slug":"afyonkarahisarda-yangina-mudahale-ederken-yaralanan-5-kisi-taburcu-edildi","status":"publish","type":"post","link":"https:\/\/www.egemtv.com\/?p=44166","title":{"rendered":"Afyonkarahisar\u2019da yang\u0131na m\u00fcdahale ederken yaralanan 5 ki\u015fi taburcu edildi"},"content":{"rendered":"<p>Afyonkarahisar\u2019\u0131n \u0130hsaniye il\u00e7esine ba\u011fl\u0131 Sar\u0131caova K\u00f6y\u00fc\u2019nde \u00e7\u0131kan orman yang\u0131n\u0131na m\u00fcdahale s\u0131ras\u0131nda yaralanan 5 g\u00f6revli, tedavilerinin ard\u0131ndan hastaneden taburcu edildi.<br \/>\n<br \/>Afyonkarahisar\u2019\u0131n \u0130hsaniye il\u00e7esine ba\u011fl\u0131 Sar\u0131caova K\u00f6y\u00fc yak\u0131nlar\u0131nda \u00e7\u0131kan orman yang\u0131n\u0131na m\u00fcdahale s\u0131ras\u0131nda 5 ki\u015fi yaraland\u0131. Yang\u0131na ilk m\u00fcdahaleyi ger\u00e7ekle\u015ftiren ekiplerde g\u00f6revli olan bu ki\u015filer, dumandan etkilenmeleri ve \u00e7e\u015fitli hafif yaralanmalar nedeniyle Afyonkarahisar Devlet Hastanesi\u2019ne sevk edildi. Yang\u0131n s\u00f6nd\u00fcrme \u00e7al\u0131\u015fmalar\u0131na destek veren orman i\u015f\u00e7ileri ve g\u00f6n\u00fcll\u00fclerden olu\u015fan yaral\u0131 ekip \u00fcyelerinin sa\u011fl\u0131k durumlar\u0131n\u0131n iyi oldu\u011fu \u00f6\u011frenildi. Hastanede yap\u0131lan ilk m\u00fcdahale ve g\u00f6zlem s\u00fcrecinin ard\u0131ndan 5 yaral\u0131n\u0131n tamam\u0131 taburcu edildi.<br \/>\n<br \/>Yetkililer, yang\u0131n\u0131n kontrol alt\u0131na al\u0131nmas\u0131 i\u00e7in havadan ve karadan m\u00fcdahalenin devam etti\u011fini, r\u00fczgar\u0131n etkisiyle zaman zaman alevlerin yeniden y\u00fckseldi\u011fini bildirdi.<br \/>\n<br \/>\u00d6te yandan yang\u0131n\u0131n \u00e7\u0131k\u0131\u015f nedenine ili\u015fkin inceleme ba\u015flat\u0131ld\u0131.<br \/>\n<br \/>Afyonkarahisar Valili\u011fi ve Orman B\u00f6lge M\u00fcd\u00fcrl\u00fc\u011f\u00fc yetkilileri, b\u00f6lgede ya\u015fayan vatanda\u015flara dikkatli olmalar\u0131 \u00e7a\u011fr\u0131s\u0131nda bulunarak, yang\u0131na m\u00fcdahalede g\u00f6rev alan t\u00fcm ekiplerin canla ba\u015fla \u00e7al\u0131\u015fmalar\u0131n\u0131 s\u00fcrd\u00fcrd\u00fc\u011f\u00fcn\u00fc belirtti.<br \/><\/p>\n","protected":false},"excerpt":{"rendered":"<p>Afyonkarahisar\u2019\u0131n \u0130hsaniye il\u00e7esine ba\u011fl\u0131 Sar\u0131caova K\u00f6y\u00fc\u2019nde \u00e7\u0131kan orman yang\u0131n\u0131na m\u00fcdahale s\u0131ras\u0131nda yaralanan 5 g\u00f6revli, tedavilerinin ard\u0131ndan hastaneden taburcu edildi. Afyonkarahisar\u2019\u0131n \u0130hsaniye il\u00e7esine ba\u011fl\u0131 Sar\u0131caova K\u00f6y\u00fc yak\u0131nlar\u0131nda \u00e7\u0131kan orman yang\u0131n\u0131na m\u00fcdahale s\u0131ras\u0131nda 5 ki\u015fi yaraland\u0131. Yang\u0131na ilk m\u00fcdahaleyi ger\u00e7ekle\u015ftiren ekiplerde g\u00f6revli olan bu ki\u015filer, dumandan etkilenmeleri ve \u00e7e\u015fitli hafif yaralanmalar nedeniyle Afyonkarahisar Devlet Hastanesi\u2019ne sevk edildi&#8230;.<\/p>\n","protected":false},"author":1,"featured_media":44167,"comment_status":"open","ping_status":"open","sticky":false,"template":"","format":"standard","meta":{"_crdt_document":"","footnotes":""},"categories":[5],"tags":[],"class_list":["post-44166","post","type-post","status-publish","format-standard","has-post-thumbnail","hentry","category-asayis"],"_links":{"self":[{"href":"https:\/\/www.egemtv.com\/index.php?rest_route=\/wp\/v2\/posts\/44166","targetHints":{"allow":["GET"]}}],"collection":[{"href":"https:\/\/www.egemtv.com\/index.php?rest_route=\/wp\/v2\/posts"}],"about":[{"href":"https:\/\/www.egemtv.com\/index.php?rest_route=\/wp\/v2\/types\/post"}],"author":[{"embeddable":true,"href":"https:\/\/www.egemtv.com\/index.php?rest_route=\/wp\/v2\/users\/1"}],"replies":[{"embeddable":true,"href":"https:\/\/www.egemtv.com\/index.php?rest_route=%2Fwp%2Fv2%2Fcomments&post=44166"}],"version-history":[{"count":1,"href":"https:\/\/www.egemtv.com\/index.php?rest_route=\/wp\/v2\/posts\/44166\/revisions"}],"predecessor-version":[{"id":44168,"href":"https:\/\/www.egemtv.com\/index.php?rest_route=\/wp\/v2\/posts\/44166\/revisions\/44168"}],"wp:featuredmedia":[{"embeddable":true,"href":"https:\/\/www.egemtv.com\/index.php?rest_route=\/wp\/v2\/media\/44167"}],"wp:attachment":[{"href":"https:\/\/www.egemtv.com\/index.php?rest_route=%2Fwp%2Fv2%2Fmedia&parent=44166"}],"wp:term":[{"taxonomy":"category","embeddable":true,"href":"https:\/\/www.egemtv.com\/index.php?rest_route=%2Fwp%2Fv2%2Fcategories&post=44166"},{"taxonomy":"post_tag","embeddable":true,"href":"https:\/\/www.egemtv.com\/index.php?rest_route=%2Fwp%2Fv2%2Ftags&post=44166"}],"curies":[{"name":"wp","href":"https:\/\/api.w.org\/{rel}","templated":true}]}}