{"id":44124,"date":"2025-07-24T07:14:49","date_gmt":"2025-07-24T04:14:49","guid":{"rendered":"https:\/\/www.egemtv.com\/?p=44124"},"modified":"2025-07-24T07:14:50","modified_gmt":"2025-07-24T04:14:50","slug":"hbx-ar-ge-urettigi-stratejik-projeleri-ile-adu-teknokentin-gururu-oldu","status":"publish","type":"post","link":"https:\/\/www.egemtv.com\/?p=44124","title":{"rendered":"HBX Ar-Ge, \u00fcretti\u011fi stratejik projeleri ile AD\u00dc Teknokent\u2019in gururu oldu"},"content":{"rendered":"<p>\u00c7al\u0131\u015fmalar\u0131n\u0131 Ayd\u0131n\u2019da s\u00fcrd\u00fcren ve \u00fclke genelinde \u00f6nemli projelere imza atan Karya Farma HBX Ar-Ge, geli\u015ftirdi\u011fi 18 patentli form\u00fclasyon ve y\u00fcr\u00fctt\u00fc\u011f\u00fc disiplinleraras\u0131 stratejik projeler sayesinde, Ayd\u0131n Adnan Menderes \u00dcniversitesi Teknokent\u2019in en prestijli Ar-Ge markalar\u0131ndan biri haline geldi.<br \/>\n<br \/>\u00c7eyrek as\u0131rdan bu yana bir\u00e7ok alanda spesifik ve stratejik \u00e7al\u0131\u015fmalar\u0131n\u0131 s\u00fcrd\u00fcren HBX Ar-Ge, son y\u0131llarda bu \u00e7al\u0131\u015fmalar\u0131n\u0131 AD\u00dc Teknokent b\u00fcnyesinde yo\u011funla\u015ft\u0131rm\u0131\u015f ve 18 patentli bilimsel projeyle dikkat \u00e7eken kurumlardan biri olmay\u0131 ba\u015fard\u0131.<br \/>\n<br \/>Sa\u011fl\u0131k, tar\u0131m, \u00e7evre ve savunma gibi \u00e7e\u015fitli alanlarda ba\u015far\u0131l\u0131 \u00e7al\u0131\u015fmalar ger\u00e7ekle\u015ftiren HBX-2371 ve HBX-HPA1442 gibi form\u00fclasyonlar\u0131yla ad\u0131ndan s\u00f6z ettiren HBX Ar-Ge\u2019nin kurucusu Hakan Ba\u015fl\u0131k, &#8220;Karya medeniyetinin kadim bilgeli\u011fini, modern bilimle harmanlayarak gelece\u011fe ta\u015f\u0131maya gayret ediyoruz. Bu vizyonla, sadece bilimsel bir ilerleme de\u011fil, ayn\u0131 zamanda k\u00fclt\u00fcrel bir uyan\u0131\u015f\u0131 da temsil etme gayretindeyiz. Zeytin ve incir a\u011fa\u00e7lar\u0131n\u0131n g\u00f6lgesinde, do\u011fayla i\u00e7 i\u00e7e \u015fekillenen bu projeler; yerli ve uluslararas\u0131 alanda b\u00fcy\u00fck takdir toplarken, AD\u00dc Teknokent\u2019in adeta simgesi ve gurur kayna\u011f\u0131 haline geldik&#8221; diyerek \u00e7al\u0131\u015fmalar\u0131nda kendilerine deste veren herkese m\u00fcte\u015fekkir olduklar\u0131n\u0131 belirtti.<br \/>\n<br \/>HBX-2371 ile Gelece\u011fin Savunma Projelerine A\u00e7\u0131lan Kap\u0131<br \/>\n<br \/>D\u00fcnyada hava, ekmek ve sudan sonra en \u00f6nemli ihtiyac\u0131n g\u00fcvenlik ve savunma sistemi oldu\u011funu kaydeden Ba\u015fl\u0131k, hedeflerinin bu y\u0131l 17.\u2019si ger\u00e7ekle\u015ftirilen Uluslararas\u0131 Savunma Sanayii Fuar\u0131 (\u0130DEF)\u2019te yer almak oldu\u011funu kaydetti.  Ba\u015fl\u0131k, &#8220;HBX-2371, antibakteriyel, antiviral, antikanser ve antimikrobiyal etkilerinin yan\u0131 s\u0131ra; zor ko\u015fullarda, sahada h\u0131zl\u0131 m\u00fcdahale gerektiren durumlar i\u00e7in \u00f6zel olarak geli\u015ftirilen prototiplerle savunma sanayiiyle kesi\u015fen bir yol haritas\u0131 sunuyor. Savunma sanayii, art\u0131k sadece m\u00fchimmat veya teknolojik donan\u0131m \u00fcretmekten ibaret de\u011fil. Biyolojik koruma, sahada acil m\u00fcdahale ve do\u011fal kaynakl\u0131 stratejik sa\u011fl\u0131k \u00e7\u00f6z\u00fcmleri de bu sekt\u00f6r\u00fcn vazge\u00e7ilmez unsurlar\u0131 aras\u0131nda yer al\u0131yor. HBX-2371 gibi form\u00fclasyonlar\u0131m\u0131z, sahada g\u00f6rev yapan personelin hem fiziksel hem de mikrobiyolojik tehditlere kar\u015f\u0131 korunmas\u0131n\u0131 hedefliyor. \u00d6n\u00fcm\u00fczdeki s\u00fcre\u00e7te, IDEF gibi fuarlarda yer almak, bu vizyonumuzu daha geni\u015f kitlelerle bulu\u015fturmak ad\u0131na \u00e7al\u0131\u015fmalar\u0131m\u0131z devam ediyor. Karya Farma HBX Ar-Ge\u2019nin projeleri yaln\u0131zca bug\u00fcn\u00fc de\u011fil, gelece\u011fi de in\u015fa ediyor. Disiplinleraras\u0131 yakla\u015f\u0131mla geli\u015ftirilen do\u011fal kaynakl\u0131 biyoaktif \u00e7\u00f6z\u00fcmler, gelecekte sa\u011fl\u0131k, \u00e7evre ve savunma entegrasyonunun temel ta\u015flar\u0131ndan biri olma yolunda ilerliyoruz&#8221; &#8221; diyerek bug\u00fcne kadar elde ettikleri 18 ayr\u0131 patent ile de AD\u00dc Teknokent\u2019i ve Ayd\u0131n\u2019\u0131 en iyi \u015fekilde temsil ettiklerini belirtti.<br \/><\/p>\n","protected":false},"excerpt":{"rendered":"<p>\u00c7al\u0131\u015fmalar\u0131n\u0131 Ayd\u0131n\u2019da s\u00fcrd\u00fcren ve \u00fclke genelinde \u00f6nemli projelere imza atan Karya Farma HBX Ar-Ge, geli\u015ftirdi\u011fi 18 patentli form\u00fclasyon ve y\u00fcr\u00fctt\u00fc\u011f\u00fc disiplinleraras\u0131 stratejik projeler sayesinde, Ayd\u0131n Adnan Menderes \u00dcniversitesi Teknokent\u2019in en prestijli Ar-Ge markalar\u0131ndan biri haline geldi. \u00c7eyrek as\u0131rdan bu yana bir\u00e7ok alanda spesifik ve stratejik \u00e7al\u0131\u015fmalar\u0131n\u0131 s\u00fcrd\u00fcren HBX Ar-Ge, son y\u0131llarda bu \u00e7al\u0131\u015fmalar\u0131n\u0131 AD\u00dc Teknokent&#8230;<\/p>\n","protected":false},"author":1,"featured_media":44125,"comment_status":"open","ping_status":"open","sticky":false,"template":"","format":"standard","meta":{"_crdt_document":"","footnotes":""},"categories":[124],"tags":[],"class_list":["post-44124","post","type-post","status-publish","format-standard","has-post-thumbnail","hentry","category-bilim"],"_links":{"self":[{"href":"https:\/\/www.egemtv.com\/index.php?rest_route=\/wp\/v2\/posts\/44124","targetHints":{"allow":["GET"]}}],"collection":[{"href":"https:\/\/www.egemtv.com\/index.php?rest_route=\/wp\/v2\/posts"}],"about":[{"href":"https:\/\/www.egemtv.com\/index.php?rest_route=\/wp\/v2\/types\/post"}],"author":[{"embeddable":true,"href":"https:\/\/www.egemtv.com\/index.php?rest_route=\/wp\/v2\/users\/1"}],"replies":[{"embeddable":true,"href":"https:\/\/www.egemtv.com\/index.php?rest_route=%2Fwp%2Fv2%2Fcomments&post=44124"}],"version-history":[{"count":1,"href":"https:\/\/www.egemtv.com\/index.php?rest_route=\/wp\/v2\/posts\/44124\/revisions"}],"predecessor-version":[{"id":44126,"href":"https:\/\/www.egemtv.com\/index.php?rest_route=\/wp\/v2\/posts\/44124\/revisions\/44126"}],"wp:featuredmedia":[{"embeddable":true,"href":"https:\/\/www.egemtv.com\/index.php?rest_route=\/wp\/v2\/media\/44125"}],"wp:attachment":[{"href":"https:\/\/www.egemtv.com\/index.php?rest_route=%2Fwp%2Fv2%2Fmedia&parent=44124"}],"wp:term":[{"taxonomy":"category","embeddable":true,"href":"https:\/\/www.egemtv.com\/index.php?rest_route=%2Fwp%2Fv2%2Fcategories&post=44124"},{"taxonomy":"post_tag","embeddable":true,"href":"https:\/\/www.egemtv.com\/index.php?rest_route=%2Fwp%2Fv2%2Ftags&post=44124"}],"curies":[{"name":"wp","href":"https:\/\/api.w.org\/{rel}","templated":true}]}}