{"id":44121,"date":"2025-07-24T02:14:48","date_gmt":"2025-07-23T23:14:48","guid":{"rendered":"https:\/\/www.egemtv.com\/?p=44121"},"modified":"2025-07-24T02:14:49","modified_gmt":"2025-07-23T23:14:49","slug":"bakan-memisoglu-yangin-faciasinda-yaralanan-kisileri-ziyaret-etti","status":"publish","type":"post","link":"https:\/\/www.egemtv.com\/?p=44121","title":{"rendered":"Bakan Memi\u015fo\u011flu yang\u0131n facias\u0131nda yaralanan ki\u015fileri ziyaret etti"},"content":{"rendered":"<p>Eski\u015fehir\u2019in Seyitgazi il\u00e7esinde \u00e7\u0131kan ve Afyonkarahisar\u2019a da s\u0131\u00e7rayan yang\u0131nda yaralanarak hastaneye kald\u0131r\u0131lan 14 ki\u015fiden hastanede tedavileri devam eden 4 yaral\u0131y\u0131 Sa\u011fl\u0131k Bakan\u0131 Prof. Dr. Kemal Memi\u015fo\u011flu ziyaret ederken, Bakan Memi\u015fo\u011flu \u015fehit olan 10 ki\u015finin kimliklerinin Ankara\u2019da belirlenece\u011fini kaydetti.<br \/>\n<br \/>Bakan Memi\u015fo\u011flu\u2019nun Afyonkarahisar Devlet Hastanesi\u2019nde ger\u00e7ekle\u015ftirdi\u011fi ziyarete AFAD Ba\u015fkan\u0131 Ali Hamza Pehlivan, Vali Do\u00e7. Dr. K\u00fcbra G\u00fcran Yi\u011fitba\u015f\u0131\u2019da e\u015flik etti. Bas\u0131na kapal\u0131 olarak ger\u00e7ekle\u015ftirilen ziyaret sonras\u0131nda bir a\u00e7\u0131klama yapan Bakan Memi\u015fo\u011flu, b\u00fcy\u00fck bir ac\u0131 ya\u015fand\u0131\u011f\u0131n\u0131 ifade ederek, &#8220;Memi\u015fo\u011flu, &#8220;Milletimizin ba\u015f\u0131 sa\u011f olsun, 10 tane \u015fehidimiz var malum \u00fcz\u00fcnt\u00fc i\u00e7indeyiz. Yaral\u0131lar\u0131m\u0131z\u0131 ziyaret ettik,  Valimiz, AFAD Ba\u015fkan\u0131m\u0131zla beraber. Afyon Devlet Hastanemizde \u015fuanda 5 yaral\u0131m\u0131z var. Genel durumlar\u0131 iyi, hepsi taburcu olacak in\u015fallah yar\u0131n itibariyle. Tabi \u015fehitlerimizin naa\u015flar\u0131 buraya geliyor. \u0130kmalleri yap\u0131ld\u0131ktan sonra DNA ve tan\u0131larla ilgili Adalet Bakan\u0131m\u0131z ile konu\u015ftuk. Ankara Adli T\u0131p Kurumu\u2019na ge\u00e7ecek. Milletimizin ba\u015f\u0131 sa\u011folsun, Allah bize b\u00f6yle ac\u0131lar bir daha ya\u015fatmas\u0131n. Orman yang\u0131nlar\u0131 maalesef \u00f6zellikle s\u0131cak ve bu t\u00fcr havalarda \u00e7ok tehlikeli oluyor. Onun i\u00e7in dikkatli olmam\u0131z laz\u0131m, ormanc\u0131 arkada\u015flara b\u00fct\u00fcn AFAD ekiplerine, m\u00fccadeleleri i\u00e7in gece g\u00fcnd\u00fcz \u00e7al\u0131\u015fmalar\u0131 i\u00e7in te\u015fekk\u00fcr ediyorum. \u0130n\u015fallah bu ac\u0131lar\u0131 ya\u015famay\u0131z. Tabi her a\u011fa\u00e7 canl\u0131 esas\u0131nda i\u00e7imiz yan\u0131yor, in\u015fallah en k\u0131sa zamanda da s\u00f6nd\u00fcr\u00fcl\u00fcr. Ben herkese ba\u015fsa\u011fl\u0131\u011f\u0131 diliyorum, ailelere sab\u0131rlar diliyorum, in\u015fallah yang\u0131nlar en k\u0131sa zamanda s\u00f6nd\u00fcr\u00fcl\u00fcr&#8221; dedi.<br \/><\/p>\n","protected":false},"excerpt":{"rendered":"<p>Eski\u015fehir\u2019in Seyitgazi il\u00e7esinde \u00e7\u0131kan ve Afyonkarahisar\u2019a da s\u0131\u00e7rayan yang\u0131nda yaralanarak hastaneye kald\u0131r\u0131lan 14 ki\u015fiden hastanede tedavileri devam eden 4 yaral\u0131y\u0131 Sa\u011fl\u0131k Bakan\u0131 Prof. Dr. Kemal Memi\u015fo\u011flu ziyaret ederken, Bakan Memi\u015fo\u011flu \u015fehit olan 10 ki\u015finin kimliklerinin Ankara\u2019da belirlenece\u011fini kaydetti. Bakan Memi\u015fo\u011flu\u2019nun Afyonkarahisar Devlet Hastanesi\u2019nde ger\u00e7ekle\u015ftirdi\u011fi ziyarete AFAD Ba\u015fkan\u0131 Ali Hamza Pehlivan, Vali Do\u00e7. Dr. K\u00fcbra G\u00fcran&#8230;<\/p>\n","protected":false},"author":1,"featured_media":44122,"comment_status":"open","ping_status":"open","sticky":false,"template":"","format":"standard","meta":{"_crdt_document":"","footnotes":""},"categories":[1],"tags":[],"class_list":["post-44121","post","type-post","status-publish","format-standard","has-post-thumbnail","hentry","category-guncel"],"_links":{"self":[{"href":"https:\/\/www.egemtv.com\/index.php?rest_route=\/wp\/v2\/posts\/44121","targetHints":{"allow":["GET"]}}],"collection":[{"href":"https:\/\/www.egemtv.com\/index.php?rest_route=\/wp\/v2\/posts"}],"about":[{"href":"https:\/\/www.egemtv.com\/index.php?rest_route=\/wp\/v2\/types\/post"}],"author":[{"embeddable":true,"href":"https:\/\/www.egemtv.com\/index.php?rest_route=\/wp\/v2\/users\/1"}],"replies":[{"embeddable":true,"href":"https:\/\/www.egemtv.com\/index.php?rest_route=%2Fwp%2Fv2%2Fcomments&post=44121"}],"version-history":[{"count":1,"href":"https:\/\/www.egemtv.com\/index.php?rest_route=\/wp\/v2\/posts\/44121\/revisions"}],"predecessor-version":[{"id":44123,"href":"https:\/\/www.egemtv.com\/index.php?rest_route=\/wp\/v2\/posts\/44121\/revisions\/44123"}],"wp:featuredmedia":[{"embeddable":true,"href":"https:\/\/www.egemtv.com\/index.php?rest_route=\/wp\/v2\/media\/44122"}],"wp:attachment":[{"href":"https:\/\/www.egemtv.com\/index.php?rest_route=%2Fwp%2Fv2%2Fmedia&parent=44121"}],"wp:term":[{"taxonomy":"category","embeddable":true,"href":"https:\/\/www.egemtv.com\/index.php?rest_route=%2Fwp%2Fv2%2Fcategories&post=44121"},{"taxonomy":"post_tag","embeddable":true,"href":"https:\/\/www.egemtv.com\/index.php?rest_route=%2Fwp%2Fv2%2Ftags&post=44121"}],"curies":[{"name":"wp","href":"https:\/\/api.w.org\/{rel}","templated":true}]}}