{"id":44118,"date":"2025-07-24T01:14:36","date_gmt":"2025-07-23T22:14:36","guid":{"rendered":"https:\/\/www.egemtv.com\/?p=44118"},"modified":"2025-07-24T01:14:37","modified_gmt":"2025-07-23T22:14:37","slug":"dikilide-orman-yangini-canakkale-yolu-ulasima-kapatildi","status":"publish","type":"post","link":"https:\/\/www.egemtv.com\/?p=44118","title":{"rendered":"Dikili\u2019de orman yang\u0131n\u0131: \u00c7anakkale yolu ula\u015f\u0131ma kapat\u0131ld\u0131"},"content":{"rendered":"<p>\u0130zmir\u2019i Dikili il\u00e7esinde makilik alanda \u00e7\u0131kan yang\u0131n ormana s\u0131\u00e7rad\u0131. \u0130zmir-\u00c7anakkale yolu ula\u015f\u0131ma kapan\u0131rken, yang\u0131na m\u00fcdahale devam ediyor.<br \/>\n<br \/>Yang\u0131n bug\u00fcn ak\u015fam saatlerinde Bozbay\u0131r tepesindeki makilik alanda ba\u015flad\u0131. R\u00fczg\u00e2r\u0131n etkisiyle \u00e7evreye yay\u0131lan alevlere ilk m\u00fcdahaleyi itfaiye ekipleri yapt\u0131. K\u0131sa bir s\u00fcre sonra Orman B\u00f6lge M\u00fcd\u00fcrl\u00fc\u011f\u00fc\u2019ne ba\u011fl\u0131 ekiplerle karadan ve havadan da helikopterle m\u00fcdahale devam etti. 5 saatlik \u00e7al\u0131\u015fman\u0131n ard\u0131ndan alevler k\u0131smen kontrol alt\u0131na al\u0131nd\u0131. Ekipler yang\u0131n b\u00f6lgesinde yo\u011fun \u00e7al\u0131\u015fma sergilerken, r\u00fczgar\u0131n etkisi ile kuru otlar tekrar tutu\u015ftu ve alevler do\u011fu istikametine ilerlemeye ba\u015flad\u0131. Bir s\u00fcre sonra ormanl\u0131k alana s\u0131\u00e7rayan yang\u0131n \u0130zmir \u00c7anakkale yolunu tehlikeye d\u00fc\u015f\u00fcr\u00fcnce yol ara\u00e7 ge\u00e7i\u015fine kapat\u0131ld\u0131.<br \/>\n<br \/>Devam eden yang\u0131n\u0131n kontrol alt\u0131na al\u0131nabilmesi i\u00e7in ekiplerin m\u00fcdahalesi s\u00fcr\u00fcyor.<br \/><\/p>\n","protected":false},"excerpt":{"rendered":"<p>\u0130zmir\u2019i Dikili il\u00e7esinde makilik alanda \u00e7\u0131kan yang\u0131n ormana s\u0131\u00e7rad\u0131. \u0130zmir-\u00c7anakkale yolu ula\u015f\u0131ma kapan\u0131rken, yang\u0131na m\u00fcdahale devam ediyor. Yang\u0131n bug\u00fcn ak\u015fam saatlerinde Bozbay\u0131r tepesindeki makilik alanda ba\u015flad\u0131. R\u00fczg\u00e2r\u0131n etkisiyle \u00e7evreye yay\u0131lan alevlere ilk m\u00fcdahaleyi itfaiye ekipleri yapt\u0131. K\u0131sa bir s\u00fcre sonra Orman B\u00f6lge M\u00fcd\u00fcrl\u00fc\u011f\u00fc\u2019ne ba\u011fl\u0131 ekiplerle karadan ve havadan da helikopterle m\u00fcdahale devam etti. 5 saatlik&#8230;<\/p>\n","protected":false},"author":1,"featured_media":44119,"comment_status":"open","ping_status":"open","sticky":false,"template":"","format":"standard","meta":{"_crdt_document":"","footnotes":""},"categories":[5],"tags":[],"class_list":["post-44118","post","type-post","status-publish","format-standard","has-post-thumbnail","hentry","category-asayis"],"_links":{"self":[{"href":"https:\/\/www.egemtv.com\/index.php?rest_route=\/wp\/v2\/posts\/44118","targetHints":{"allow":["GET"]}}],"collection":[{"href":"https:\/\/www.egemtv.com\/index.php?rest_route=\/wp\/v2\/posts"}],"about":[{"href":"https:\/\/www.egemtv.com\/index.php?rest_route=\/wp\/v2\/types\/post"}],"author":[{"embeddable":true,"href":"https:\/\/www.egemtv.com\/index.php?rest_route=\/wp\/v2\/users\/1"}],"replies":[{"embeddable":true,"href":"https:\/\/www.egemtv.com\/index.php?rest_route=%2Fwp%2Fv2%2Fcomments&post=44118"}],"version-history":[{"count":1,"href":"https:\/\/www.egemtv.com\/index.php?rest_route=\/wp\/v2\/posts\/44118\/revisions"}],"predecessor-version":[{"id":44120,"href":"https:\/\/www.egemtv.com\/index.php?rest_route=\/wp\/v2\/posts\/44118\/revisions\/44120"}],"wp:featuredmedia":[{"embeddable":true,"href":"https:\/\/www.egemtv.com\/index.php?rest_route=\/wp\/v2\/media\/44119"}],"wp:attachment":[{"href":"https:\/\/www.egemtv.com\/index.php?rest_route=%2Fwp%2Fv2%2Fmedia&parent=44118"}],"wp:term":[{"taxonomy":"category","embeddable":true,"href":"https:\/\/www.egemtv.com\/index.php?rest_route=%2Fwp%2Fv2%2Fcategories&post=44118"},{"taxonomy":"post_tag","embeddable":true,"href":"https:\/\/www.egemtv.com\/index.php?rest_route=%2Fwp%2Fv2%2Ftags&post=44118"}],"curies":[{"name":"wp","href":"https:\/\/api.w.org\/{rel}","templated":true}]}}