{"id":44115,"date":"2025-07-24T00:14:34","date_gmt":"2025-07-23T21:14:34","guid":{"rendered":"https:\/\/www.egemtv.com\/?p=44115"},"modified":"2025-07-24T00:14:35","modified_gmt":"2025-07-23T21:14:35","slug":"baskan-ozelden-seyitgazide-sehit-dusen-orman-iscileri-icin-taziye-mesaji","status":"publish","type":"post","link":"https:\/\/www.egemtv.com\/?p=44115","title":{"rendered":"Ba\u015fkan \u00d6zel\u2019den Seyitgazi\u2019de \u015fehit d\u00fc\u015fen orman i\u015f\u00e7ileri i\u00e7in taziye mesaj\u0131"},"content":{"rendered":"<p>Bozdo\u011fan Belediye Ba\u015fkan\u0131 Mustafa Galip \u00d6zel, Eski\u015fehir\u2019in Seyitgazi il\u00e7esinde \u00e7\u0131kan orman yang\u0131n\u0131na m\u00fcdahale ederken hayat\u0131n\u0131 kaybeden 10 orman i\u015f\u00e7isi i\u00e7in bir taziye mesaj\u0131 yay\u0131mlad\u0131.<\/p>\n<p>Ba\u015fkan \u00d6zel, mesaj\u0131nda \u015fu ifadelere yer verdi: &#8220;Eski\u015fehir\u2019in Seyitgazi il\u00e7esinde meydana gelen orman yang\u0131n\u0131na m\u00fcdahale s\u0131ras\u0131nda hayat\u0131n\u0131 kaybeden 10 orman i\u015f\u00e7imizin ac\u0131 haberini derin bir \u00fcz\u00fcnt\u00fcyle \u00f6\u011frendim. G\u00f6revleri ba\u015f\u0131nda fedak\u00e2rca m\u00fccadele verirken \u015fehit d\u00fc\u015fen emek\u00e7ilerimize Allah\u2019tan rahmet, kederli ailelerine ve yak\u0131nlar\u0131na sab\u0131r ve ba\u015fsa\u011fl\u0131\u011f\u0131 diliyorum. Milletimizin ba\u015f\u0131 sa\u011f olsun&#8221;<\/p>\n<p>Yang\u0131nla m\u00fccadelede hayat\u0131n\u0131 kaybeden i\u015f\u00e7ilerin b\u00fcy\u00fck bir fedak\u00e2rl\u0131k \u00f6rne\u011fi g\u00f6sterdi\u011fini belirten Ba\u015fkan \u00d6zel, &#8220;Ye\u015fil vatan\u0131 korumak u\u011fruna can veren t\u00fcm \u015fehitlerimizi minnetle an\u0131yorum&#8221; dedi.<br \/><\/p>\n","protected":false},"excerpt":{"rendered":"<p>Bozdo\u011fan Belediye Ba\u015fkan\u0131 Mustafa Galip \u00d6zel, Eski\u015fehir\u2019in Seyitgazi il\u00e7esinde \u00e7\u0131kan orman yang\u0131n\u0131na m\u00fcdahale ederken hayat\u0131n\u0131 kaybeden 10 orman i\u015f\u00e7isi i\u00e7in bir taziye mesaj\u0131 yay\u0131mlad\u0131. Ba\u015fkan \u00d6zel, mesaj\u0131nda \u015fu ifadelere yer verdi: &#8220;Eski\u015fehir\u2019in Seyitgazi il\u00e7esinde meydana gelen orman yang\u0131n\u0131na m\u00fcdahale s\u0131ras\u0131nda hayat\u0131n\u0131 kaybeden 10 orman i\u015f\u00e7imizin ac\u0131 haberini derin bir \u00fcz\u00fcnt\u00fcyle \u00f6\u011frendim. G\u00f6revleri ba\u015f\u0131nda fedak\u00e2rca m\u00fccadele&#8230;<\/p>\n","protected":false},"author":1,"featured_media":44116,"comment_status":"open","ping_status":"open","sticky":false,"template":"","format":"standard","meta":{"_crdt_document":"","footnotes":""},"categories":[1],"tags":[],"class_list":["post-44115","post","type-post","status-publish","format-standard","has-post-thumbnail","hentry","category-guncel"],"_links":{"self":[{"href":"https:\/\/www.egemtv.com\/index.php?rest_route=\/wp\/v2\/posts\/44115","targetHints":{"allow":["GET"]}}],"collection":[{"href":"https:\/\/www.egemtv.com\/index.php?rest_route=\/wp\/v2\/posts"}],"about":[{"href":"https:\/\/www.egemtv.com\/index.php?rest_route=\/wp\/v2\/types\/post"}],"author":[{"embeddable":true,"href":"https:\/\/www.egemtv.com\/index.php?rest_route=\/wp\/v2\/users\/1"}],"replies":[{"embeddable":true,"href":"https:\/\/www.egemtv.com\/index.php?rest_route=%2Fwp%2Fv2%2Fcomments&post=44115"}],"version-history":[{"count":1,"href":"https:\/\/www.egemtv.com\/index.php?rest_route=\/wp\/v2\/posts\/44115\/revisions"}],"predecessor-version":[{"id":44117,"href":"https:\/\/www.egemtv.com\/index.php?rest_route=\/wp\/v2\/posts\/44115\/revisions\/44117"}],"wp:featuredmedia":[{"embeddable":true,"href":"https:\/\/www.egemtv.com\/index.php?rest_route=\/wp\/v2\/media\/44116"}],"wp:attachment":[{"href":"https:\/\/www.egemtv.com\/index.php?rest_route=%2Fwp%2Fv2%2Fmedia&parent=44115"}],"wp:term":[{"taxonomy":"category","embeddable":true,"href":"https:\/\/www.egemtv.com\/index.php?rest_route=%2Fwp%2Fv2%2Fcategories&post=44115"},{"taxonomy":"post_tag","embeddable":true,"href":"https:\/\/www.egemtv.com\/index.php?rest_route=%2Fwp%2Fv2%2Ftags&post=44115"}],"curies":[{"name":"wp","href":"https:\/\/api.w.org\/{rel}","templated":true}]}}