{"id":44112,"date":"2025-07-23T23:35:34","date_gmt":"2025-07-23T20:35:34","guid":{"rendered":"https:\/\/www.egemtv.com\/?p=44112"},"modified":"2025-07-23T23:35:34","modified_gmt":"2025-07-23T20:35:34","slug":"eskisehirdeki-orman-yangininda-2-denizlili-ormanci-sehit-oldu","status":"publish","type":"post","link":"https:\/\/www.egemtv.com\/?p=44112","title":{"rendered":"Eski\u015fehir\u2019deki orman yang\u0131n\u0131nda 2 Denizlili ormanc\u0131 \u015fehit oldu"},"content":{"rendered":"<p>Eski\u015fehir\u2019de \u00e7\u0131kan orman yang\u0131n\u0131n\u0131 s\u00f6nd\u00fcrme \u00e7al\u0131\u015fmalar\u0131 s\u0131ras\u0131nda alevlerin aras\u0131nda kalarak \u015fehit olan 10 ki\u015fiden 2\u2019sinin Denizlili oldu\u011fu \u00f6\u011frenildi.<br \/>\n<br \/>Eski\u015fehir\u2019in Seyitgazi il\u00e7esinde meydana gelen orman yang\u0131n\u0131n\u0131 s\u00f6nd\u00fcrme \u00e7al\u0131\u015fmalar\u0131 s\u0131ras\u0131nda alevlerin aras\u0131nda kalan 5 orman i\u015f\u00e7isi ve 5 AFAD g\u00f6n\u00fcll\u00fcs\u00fc \u015fehit oldu. Edinilen bilgilere g\u00f6re \u015fehitlerden 2\u2019sinin Denizli Eskere Orman \u0130\u015fletme \u015eefli\u011finden yang\u0131n b\u00f6lgesine sevk edilen ekipte yer alan personel oldu\u011fu \u00f6\u011frenildi. Yang\u0131na m\u00fcdahale ederken \u015fehit olan Hilmi \u015eahin ve Sercan Utni\u2019nin ac\u0131 haberi, Beya\u011fa\u00e7 Kaymakam\u0131 Ramazan Cihangir, Beya\u011fa\u00e7 Belediye Ba\u015fkan\u0131 Sezayi P\u00fct\u00fcn ve protokol taraf\u0131ndan Sazak ve Geri\u00e7am mahallelerinde ya\u015fayan ailelerine verildi. Ac\u0131 haber il\u00e7ede b\u00fcy\u00fck \u00fcz\u00fcnt\u00fcye neden okurken, yang\u0131nda Beya\u011fa\u00e7l\u0131 2 orman i\u015f\u00e7isinin de a\u011f\u0131r yaral\u0131 olarak kurtar\u0131ld\u0131\u011f\u0131 \u00f6\u011frenildi.<br \/><\/p>\n","protected":false},"excerpt":{"rendered":"<p>Eski\u015fehir\u2019de \u00e7\u0131kan orman yang\u0131n\u0131n\u0131 s\u00f6nd\u00fcrme \u00e7al\u0131\u015fmalar\u0131 s\u0131ras\u0131nda alevlerin aras\u0131nda kalarak \u015fehit olan 10 ki\u015fiden 2\u2019sinin Denizlili oldu\u011fu \u00f6\u011frenildi. Eski\u015fehir\u2019in Seyitgazi il\u00e7esinde meydana gelen orman yang\u0131n\u0131n\u0131 s\u00f6nd\u00fcrme \u00e7al\u0131\u015fmalar\u0131 s\u0131ras\u0131nda alevlerin aras\u0131nda kalan 5 orman i\u015f\u00e7isi ve 5 AFAD g\u00f6n\u00fcll\u00fcs\u00fc \u015fehit oldu. Edinilen bilgilere g\u00f6re \u015fehitlerden 2\u2019sinin Denizli Eskere Orman \u0130\u015fletme \u015eefli\u011finden yang\u0131n b\u00f6lgesine sevk edilen ekipte&#8230;<\/p>\n","protected":false},"author":1,"featured_media":44113,"comment_status":"open","ping_status":"open","sticky":false,"template":"","format":"standard","meta":{"_crdt_document":"","footnotes":""},"categories":[5],"tags":[],"class_list":["post-44112","post","type-post","status-publish","format-standard","has-post-thumbnail","hentry","category-asayis"],"_links":{"self":[{"href":"https:\/\/www.egemtv.com\/index.php?rest_route=\/wp\/v2\/posts\/44112","targetHints":{"allow":["GET"]}}],"collection":[{"href":"https:\/\/www.egemtv.com\/index.php?rest_route=\/wp\/v2\/posts"}],"about":[{"href":"https:\/\/www.egemtv.com\/index.php?rest_route=\/wp\/v2\/types\/post"}],"author":[{"embeddable":true,"href":"https:\/\/www.egemtv.com\/index.php?rest_route=\/wp\/v2\/users\/1"}],"replies":[{"embeddable":true,"href":"https:\/\/www.egemtv.com\/index.php?rest_route=%2Fwp%2Fv2%2Fcomments&post=44112"}],"version-history":[{"count":1,"href":"https:\/\/www.egemtv.com\/index.php?rest_route=\/wp\/v2\/posts\/44112\/revisions"}],"predecessor-version":[{"id":44114,"href":"https:\/\/www.egemtv.com\/index.php?rest_route=\/wp\/v2\/posts\/44112\/revisions\/44114"}],"wp:featuredmedia":[{"embeddable":true,"href":"https:\/\/www.egemtv.com\/index.php?rest_route=\/wp\/v2\/media\/44113"}],"wp:attachment":[{"href":"https:\/\/www.egemtv.com\/index.php?rest_route=%2Fwp%2Fv2%2Fmedia&parent=44112"}],"wp:term":[{"taxonomy":"category","embeddable":true,"href":"https:\/\/www.egemtv.com\/index.php?rest_route=%2Fwp%2Fv2%2Fcategories&post=44112"},{"taxonomy":"post_tag","embeddable":true,"href":"https:\/\/www.egemtv.com\/index.php?rest_route=%2Fwp%2Fv2%2Ftags&post=44112"}],"curies":[{"name":"wp","href":"https:\/\/api.w.org\/{rel}","templated":true}]}}