{"id":44109,"date":"2025-07-23T22:15:26","date_gmt":"2025-07-23T19:15:26","guid":{"rendered":"https:\/\/www.egemtv.com\/?p=44109"},"modified":"2025-07-23T22:15:26","modified_gmt":"2025-07-23T19:15:26","slug":"belozoglu-antalyaspor-belki-de-tarihinin-en-zor-donemini-yasiyor","status":"publish","type":"post","link":"https:\/\/www.egemtv.com\/?p=44109","title":{"rendered":"Bel\u00f6zo\u011flu: &#8220;Antalyaspor belki de tarihinin en zor d\u00f6nemini ya\u015f\u0131yor&#8221;"},"content":{"rendered":"<p>Antalyaspor Teknik Direkt\u00f6r\u00fc Emre Bel\u00f6zo\u011flu, Burdur kamp\u0131 sonras\u0131 yapt\u0131\u011f\u0131 a\u00e7\u0131klamada, &#8220;Antalyaspor belki de tarihinin en zor d\u00f6nemini ya\u015f\u0131yor&#8221; dedi.<br \/>\n<br \/>2025-2026 sezonu haz\u0131rl\u0131klar\u0131 \u00e7er\u00e7evesinde ilk kamp d\u00f6nemi i\u00e7in Burdur\u2019a gelen Trendyol S\u00fcper Lig ekiplerinden Antalyaspor 15 g\u00fcren kamp d\u00f6neminin son haz\u0131rl\u0131k ma\u00e7\u0131nda Makedonya ekiplerinden FK Tikves 1930 tak\u0131m\u0131 ile kar\u015f\u0131 kar\u015f\u0131ya geldi. MAK\u00dc \u0130stiklal Stadyumu\u2019nda ger\u00e7ekle\u015fen ma\u00e7 gols\u00fcz e\u015fitlikle sona erdi.<\/p>\n<p>&#8220;Ekibimizle ve oyuncularla zorlu s\u00fcre\u00e7te m\u00fccadele ediyoruz&#8221;<br \/>\n<br \/>Ma\u00e7 sonu kamp de\u011ferlendirmesinde bulunan Teknik Direkt\u00f6r Emre Bel\u00f6zo\u011flu, &#8220;Bug\u00fcn \u00f6ncelikle b\u00fcy\u00fck bir m\u00fccadele g\u00f6stererek elinden geldi\u011fince kul\u00fcbe bu kadar, ger\u00e7ekten belki tarihinde hi\u00e7 b\u00f6yle zor d\u00f6nemler ya\u015fad\u0131\u011f\u0131n\u0131 d\u00fc\u015f\u00fcnm\u00fcyorum Antalyaspor\u2019un. Belki de en yeni \u00fcyelerinden birisiyim ben ama bu s\u00fcre\u00e7te hissetti\u011fimi s\u00f6ylemem gerekiyor. Y\u00f6netimimizin g\u00f6stermi\u015f oldu\u011fu \u00fcst\u00fcn \u00e7abayla bug\u00fcn transferimizi a\u00e7t\u0131\u011f\u0131m\u0131z\u0131 a\u00e7\u0131klad\u0131 kul\u00fcb\u00fcm\u00fcz. Bundan dolay\u0131 mutlu oldu\u011fumu s\u00f6ylemek istiyorum. \u00c7\u00fcnk\u00fc \u00e7ok fazla s\u0131k\u0131nt\u0131yla sezona ba\u015flad\u0131k. B\u00fcy\u00fck problemler i\u00e7inde kendimizce ekibimle beraber, oyuncularla beraber u\u011fra\u015ft\u0131k. Bug\u00fcn buraya kul\u00fcb\u00fcn kampa gelmesinde bile y\u00f6netimimizin vermi\u015f oldu\u011fu maddi destek var. Antalyaspor \u00e7ok zor d\u00f6nemlerden ge\u00e7iyor. Bu anlamda bir ve beraber olmam\u0131z gerekti\u011fini d\u00fc\u015f\u00fcn\u00fcyorum. Kamp\u0131n nas\u0131l gitti\u011finden daha \u00f6nce bunlar\u0131 s\u00f6yleme ihtiyac\u0131 duydum. O y\u00fczden eme\u011fi ge\u00e7en herkese te\u015fekk\u00fcr ediyorum. \u0130vedilikle yeni oyuncular\u0131n aram\u0131za kat\u0131lmas\u0131 laz\u0131m. Transfer yasa\u011f\u0131m\u0131z olmas\u0131na ra\u011fmen aram\u0131za kat\u0131lan 5-6 tane oyuncu var, onlara te\u015fekk\u00fcr ediyorum. Bunu herkes istemeyebilir. \u00c7\u00fcnk\u00fc bir\u00e7ok oyuncu transfer yasa\u011f\u0131 olmas\u0131ndan dolay\u0131 kamp\u0131m\u0131za kat\u0131lmak istemedi. Ama buraya kat\u0131l\u0131p bu kamp\u0131 bizle beraber ge\u00e7irmek isteyen oyuncular\u0131ma ayr\u0131ca te\u015fekk\u00fcr ediyorum. Onlar\u0131n isimlerini zaten yar\u0131n kul\u00fcp b\u00fcy\u00fck ihtimalle a\u00e7\u0131klayacakt\u0131r. Biz de \u2019ho\u015f geldin\u2019 diyece\u011fiz. \u00d6n\u00fcm\u00fczde \u00e7ok k\u0131sa bir s\u00fcre\u00e7 var. Sezon ba\u015f\u0131 kamp\u0131 beraber yapamam\u0131\u015f bir tak\u0131mla lige ba\u015flayaca\u011f\u0131z gibi g\u00f6r\u00fcn\u00fcyor. \u0130vedilikle 6-7 tane oyuncuyu aram\u0131za katmam\u0131z gerekiyor. Y\u00f6netimimizle g\u00f6r\u00fc\u015ft\u00fck oyuncular\u0131 elimizden geldi\u011fince belirledik. H\u0131zl\u0131 bir \u015fekilde Antalyaspor\u2018u lay\u0131k oldu\u011fu yere getirmek ad\u0131na elini ta\u015f\u0131n alt\u0131na sokacak y\u00f6neticilerimiz var. Biz de ekibimle beraber her t\u00fcrl\u00fc s\u0131k\u0131nt\u0131ya ra\u011fmen buraday\u0131z bunu s\u00f6ylemek istiyorum. Kamp\u0131 b\u00fct\u00fcn enerjisiyle, motivasyonuyla tamamlayan oyuncular\u0131ma te\u015fekk\u00fcr ederim&#8221; diye konu\u015ftu.<br \/>\n<br \/>Ma\u00e7 ile beraber Burdur kamp\u0131n\u0131 tamamlayan Antalyaspor Antalya\u2019ya geri d\u00f6nd\u00fc.<br \/><\/p>\n","protected":false},"excerpt":{"rendered":"<p>Antalyaspor Teknik Direkt\u00f6r\u00fc Emre Bel\u00f6zo\u011flu, Burdur kamp\u0131 sonras\u0131 yapt\u0131\u011f\u0131 a\u00e7\u0131klamada, &#8220;Antalyaspor belki de tarihinin en zor d\u00f6nemini ya\u015f\u0131yor&#8221; dedi. 2025-2026 sezonu haz\u0131rl\u0131klar\u0131 \u00e7er\u00e7evesinde ilk kamp d\u00f6nemi i\u00e7in Burdur\u2019a gelen Trendyol S\u00fcper Lig ekiplerinden Antalyaspor 15 g\u00fcren kamp d\u00f6neminin son haz\u0131rl\u0131k ma\u00e7\u0131nda Makedonya ekiplerinden FK Tikves 1930 tak\u0131m\u0131 ile kar\u015f\u0131 kar\u015f\u0131ya geldi. MAK\u00dc \u0130stiklal Stadyumu\u2019nda ger\u00e7ekle\u015fen&#8230;<\/p>\n","protected":false},"author":1,"featured_media":44110,"comment_status":"open","ping_status":"open","sticky":false,"template":"","format":"standard","meta":{"_crdt_document":"","footnotes":""},"categories":[4],"tags":[],"class_list":["post-44109","post","type-post","status-publish","format-standard","has-post-thumbnail","hentry","category-spor"],"_links":{"self":[{"href":"https:\/\/www.egemtv.com\/index.php?rest_route=\/wp\/v2\/posts\/44109","targetHints":{"allow":["GET"]}}],"collection":[{"href":"https:\/\/www.egemtv.com\/index.php?rest_route=\/wp\/v2\/posts"}],"about":[{"href":"https:\/\/www.egemtv.com\/index.php?rest_route=\/wp\/v2\/types\/post"}],"author":[{"embeddable":true,"href":"https:\/\/www.egemtv.com\/index.php?rest_route=\/wp\/v2\/users\/1"}],"replies":[{"embeddable":true,"href":"https:\/\/www.egemtv.com\/index.php?rest_route=%2Fwp%2Fv2%2Fcomments&post=44109"}],"version-history":[{"count":1,"href":"https:\/\/www.egemtv.com\/index.php?rest_route=\/wp\/v2\/posts\/44109\/revisions"}],"predecessor-version":[{"id":44111,"href":"https:\/\/www.egemtv.com\/index.php?rest_route=\/wp\/v2\/posts\/44109\/revisions\/44111"}],"wp:featuredmedia":[{"embeddable":true,"href":"https:\/\/www.egemtv.com\/index.php?rest_route=\/wp\/v2\/media\/44110"}],"wp:attachment":[{"href":"https:\/\/www.egemtv.com\/index.php?rest_route=%2Fwp%2Fv2%2Fmedia&parent=44109"}],"wp:term":[{"taxonomy":"category","embeddable":true,"href":"https:\/\/www.egemtv.com\/index.php?rest_route=%2Fwp%2Fv2%2Fcategories&post=44109"},{"taxonomy":"post_tag","embeddable":true,"href":"https:\/\/www.egemtv.com\/index.php?rest_route=%2Fwp%2Fv2%2Ftags&post=44109"}],"curies":[{"name":"wp","href":"https:\/\/api.w.org\/{rel}","templated":true}]}}