{"id":44106,"date":"2025-07-23T21:14:34","date_gmt":"2025-07-23T18:14:34","guid":{"rendered":"https:\/\/www.egemtv.com\/?p=44106"},"modified":"2025-07-23T21:14:35","modified_gmt":"2025-07-23T18:14:35","slug":"manisada-greyder-devrildi-1-olu","status":"publish","type":"post","link":"https:\/\/www.egemtv.com\/?p=44106","title":{"rendered":"Manisa\u2019da greyder devrildi: 1 \u00f6l\u00fc"},"content":{"rendered":"<p>Manisa\u2019n\u0131n K\u00f6pr\u00fcba\u015f\u0131 il\u00e7esinde meydana gelen trafik kazas\u0131nda greyder operat\u00f6r\u00fc hayat\u0131n\u0131 kaybetti.<br \/>\n<br \/>Al\u0131nan bilgiye g\u00f6re, K\u00f6pr\u00fcba\u015f\u0131 il\u00e7esi Topraktepe mevkiinde Zabir \u00c7akan y\u00f6netimindeki greyder, yoldan \u00e7\u0131karak \u015farampole yuvarland\u0131. Kazada greyder operat\u00f6r\u00fc olan Manisa B\u00fcy\u00fck\u015fehir Belediyesi Yol \u0130\u015fleri personeli \u00c7akan, olay yerinde hayat\u0131n\u0131 kaybetti.<\/p>\n<p>Ac\u0131 haberi belediye ba\u015fkan\u0131 duyurdu<br \/>\n<br \/>Ac\u0131 haberi duyuran K\u00f6pr\u00fcba\u015f\u0131 Belediye Ba\u015fkan\u0131 Fatih Ta\u015fl\u0131, &#8220;Manisa B\u00fcy\u00fck\u015fehir Yol \u0130\u015fleri personelimiz greyder operat\u00f6r\u00fc karde\u015fimizi kaybettik. Mekan\u0131 cennet olsun. Ailesine ba\u015fsa\u011fl\u0131\u011f\u0131 diliyorum&#8221; ifadelerini kulland\u0131.<br \/><\/p>\n","protected":false},"excerpt":{"rendered":"<p>Manisa\u2019n\u0131n K\u00f6pr\u00fcba\u015f\u0131 il\u00e7esinde meydana gelen trafik kazas\u0131nda greyder operat\u00f6r\u00fc hayat\u0131n\u0131 kaybetti. Al\u0131nan bilgiye g\u00f6re, K\u00f6pr\u00fcba\u015f\u0131 il\u00e7esi Topraktepe mevkiinde Zabir \u00c7akan y\u00f6netimindeki greyder, yoldan \u00e7\u0131karak \u015farampole yuvarland\u0131. Kazada greyder operat\u00f6r\u00fc olan Manisa B\u00fcy\u00fck\u015fehir Belediyesi Yol \u0130\u015fleri personeli \u00c7akan, olay yerinde hayat\u0131n\u0131 kaybetti. Ac\u0131 haberi belediye ba\u015fkan\u0131 duyurdu Ac\u0131 haberi duyuran K\u00f6pr\u00fcba\u015f\u0131 Belediye Ba\u015fkan\u0131 Fatih Ta\u015fl\u0131, &#8220;Manisa&#8230;<\/p>\n","protected":false},"author":1,"featured_media":44107,"comment_status":"open","ping_status":"open","sticky":false,"template":"","format":"standard","meta":{"_crdt_document":"","footnotes":""},"categories":[5],"tags":[],"class_list":["post-44106","post","type-post","status-publish","format-standard","has-post-thumbnail","hentry","category-asayis"],"_links":{"self":[{"href":"https:\/\/www.egemtv.com\/index.php?rest_route=\/wp\/v2\/posts\/44106","targetHints":{"allow":["GET"]}}],"collection":[{"href":"https:\/\/www.egemtv.com\/index.php?rest_route=\/wp\/v2\/posts"}],"about":[{"href":"https:\/\/www.egemtv.com\/index.php?rest_route=\/wp\/v2\/types\/post"}],"author":[{"embeddable":true,"href":"https:\/\/www.egemtv.com\/index.php?rest_route=\/wp\/v2\/users\/1"}],"replies":[{"embeddable":true,"href":"https:\/\/www.egemtv.com\/index.php?rest_route=%2Fwp%2Fv2%2Fcomments&post=44106"}],"version-history":[{"count":1,"href":"https:\/\/www.egemtv.com\/index.php?rest_route=\/wp\/v2\/posts\/44106\/revisions"}],"predecessor-version":[{"id":44108,"href":"https:\/\/www.egemtv.com\/index.php?rest_route=\/wp\/v2\/posts\/44106\/revisions\/44108"}],"wp:featuredmedia":[{"embeddable":true,"href":"https:\/\/www.egemtv.com\/index.php?rest_route=\/wp\/v2\/media\/44107"}],"wp:attachment":[{"href":"https:\/\/www.egemtv.com\/index.php?rest_route=%2Fwp%2Fv2%2Fmedia&parent=44106"}],"wp:term":[{"taxonomy":"category","embeddable":true,"href":"https:\/\/www.egemtv.com\/index.php?rest_route=%2Fwp%2Fv2%2Fcategories&post=44106"},{"taxonomy":"post_tag","embeddable":true,"href":"https:\/\/www.egemtv.com\/index.php?rest_route=%2Fwp%2Fv2%2Ftags&post=44106"}],"curies":[{"name":"wp","href":"https:\/\/api.w.org\/{rel}","templated":true}]}}