{"id":44103,"date":"2025-07-23T20:34:55","date_gmt":"2025-07-23T17:34:55","guid":{"rendered":"https:\/\/www.egemtv.com\/?p=44103"},"modified":"2025-07-23T20:34:56","modified_gmt":"2025-07-23T17:34:56","slug":"manisa-valisi-ozkan-yerlesim-birimleri-ve-organize-sanayi-bolgesine-yakin-olan-yanginla-ilgili-tum-tedbirleri-aldik","status":"publish","type":"post","link":"https:\/\/www.egemtv.com\/?p=44103","title":{"rendered":"Manisa Valisi \u00d6zkan: &#8220;Yerle\u015fim birimleri ve organize sanayi b\u00f6lgesine yak\u0131n olan yang\u0131nla ilgili t\u00fcm tedbirleri ald\u0131k&#8221;"},"content":{"rendered":"<p>Manisa Valisi Vahdettin \u00d6zkan, Yunusemre il\u00e7esindeki orman yang\u0131n\u0131n\u0131n yerle\u015fim birimleri ve organize sanayi b\u00f6lgesine yak\u0131n oldu\u011funu belirterek, havadan ve karadan t\u00fcm tedbirleri ald\u0131klar\u0131n\u0131 s\u00f6yledi.<br \/>\n<br \/>Manisa\u2019n\u0131n Yunusemre il\u00e7esine ba\u011fl\u0131 Yukar\u0131 Kayap\u0131nar Mahallesi\u2019nde saat 16.24\u2019te \u00e7\u0131kan ve geni\u015f bir alana yay\u0131lan orman yang\u0131n\u0131 devam ediyor. Yang\u0131n b\u00f6lgesinde \u00e7al\u0131\u015fmalar\u0131 yak\u0131ndan takip eden Manisa Valisi Vahdettin \u00d6zkan, &#8220;\u00d6ncelikle ge\u00e7mi\u015f olsun. Yunusemre il\u00e7emize ba\u011fl\u0131 Kayap\u0131nar Mahallemizde bug\u00fcn 16.24 s\u0131ralar\u0131nda yang\u0131n ihbar\u0131 al\u0131nd\u0131. \u0130hbar\u0131n hemen ard\u0131ndan Valilik Kriz Merkezimiz t\u00fcm yerel unsurlar\u0131 harekete ge\u00e7irdi. Tar\u0131m ve Orman Bakanl\u0131\u011f\u0131m\u0131z\u0131n koordinasyonunda hava deste\u011fi ba\u015flad\u0131 ve karadan da yang\u0131n s\u00f6nd\u00fcrme faaliyeti h\u0131zla devam ediyor. \u015eu anda 42 civar\u0131nda ekibimiz yang\u0131na karadan ve 6 hava unsuru da havadan m\u00fcdahale ediyor. Yang\u0131n\u0131n enerjisini azaltmak ad\u0131na valilik, belediye, orman ekiplerimiz koordineli \u015fekilde \u00e7al\u0131\u015f\u0131yor. Temennimiz r\u00fczgar\u0131n h\u0131z\u0131n\u0131n az olmas\u0131. Bug\u00fcn y\u00fcksek derecedeki s\u0131cakl\u0131k, y\u00fcksek derecede de bir riski do\u011furuyor. Bu riski bertaraf etmek ad\u0131na bizler de Manisa Valili\u011fi olarak yak\u0131n bir zamanda orman yang\u0131nlar\u0131yla ilgili riski azaltma eylem plan\u0131n\u0131 olu\u015fturduk. Son 4-5 g\u00fcn i\u00e7inde 15-16 tane yang\u0131n ihbar\u0131 al\u0131nd\u0131. Bunlara bu riski azaltma eylem plan\u0131 \u00e7er\u00e7evesinde olu\u015fan e\u011fitim, duyarl\u0131l\u0131kla h\u0131zl\u0131 bir \u015fekilde daha ot yang\u0131n\u0131yken tabiri caizse m\u00fcdahale edilip sonland\u0131r\u0131lm\u0131\u015f oldu. Bu bizim i\u00e7in \u00e7ok b\u00fcy\u00fck bir avantaj. Tar\u0131m ve Orman Bakanl\u0131\u011f\u0131m\u0131z, uydu sistemleriyle kriz merkezinde Anadolu\u2019nun d\u00f6rt bir yan\u0131n\u0131, b\u00fct\u00fcn ormanlar\u0131n\u0131, b\u00fct\u00fcn ye\u015fil vatan\u0131 takip ediyor. Herhangi bir yang\u0131n \u00e7\u0131kt\u0131\u011f\u0131 zaman da an\u0131nda b\u00fct\u00fcn imkan, kabiliyetleri seferber ediyor. \u0130n\u015fallah yak\u0131n bir zamanda bu yang\u0131n\u0131 da kontrol alt\u0131na alaca\u011f\u0131z. Tabii bu yang\u0131n\u0131n bir riski de yerle\u015fim birimlerine ve organize sanayi b\u00f6lgesine yak\u0131n olmas\u0131. Burada elektrik trafo merkezleri var. Bu daha da b\u00fcy\u00fck bir riski artt\u0131r\u0131yor ve tedirginlik olu\u015fturuyor. Bu y\u00f6nden de tedbirlerimiz karadan ve havadan daha y\u00fcksek derecede devam ediyor. Biz de takip ediyoruz. Temennimiz kazas\u0131z bir \u015fekilde bu yang\u0131n\u0131n en az zararla atlat\u0131lmas\u0131. Her orman yang\u0131nda mutlaka zarar vard\u0131r. Mutlaka canlar gidiyordur. Bir s\u00fcr\u00fc bitkiler, hayvanlar maalesef bu yang\u0131na maruz kalabiliyor. \u0130n\u015fallah buradaki trafo merkezine ve yerle\u015fim birimlerine sirayet etmeden kontrol alt\u0131na alaca\u011f\u0131z&#8221; dedi.<br \/><\/p>\n","protected":false},"excerpt":{"rendered":"<p>Manisa Valisi Vahdettin \u00d6zkan, Yunusemre il\u00e7esindeki orman yang\u0131n\u0131n\u0131n yerle\u015fim birimleri ve organize sanayi b\u00f6lgesine yak\u0131n oldu\u011funu belirterek, havadan ve karadan t\u00fcm tedbirleri ald\u0131klar\u0131n\u0131 s\u00f6yledi. Manisa\u2019n\u0131n Yunusemre il\u00e7esine ba\u011fl\u0131 Yukar\u0131 Kayap\u0131nar Mahallesi\u2019nde saat 16.24\u2019te \u00e7\u0131kan ve geni\u015f bir alana yay\u0131lan orman yang\u0131n\u0131 devam ediyor. Yang\u0131n b\u00f6lgesinde \u00e7al\u0131\u015fmalar\u0131 yak\u0131ndan takip eden Manisa Valisi Vahdettin \u00d6zkan, &#8220;\u00d6ncelikle ge\u00e7mi\u015f&#8230;<\/p>\n","protected":false},"author":1,"featured_media":44104,"comment_status":"open","ping_status":"open","sticky":false,"template":"","format":"standard","meta":{"_crdt_document":"","footnotes":""},"categories":[5],"tags":[],"class_list":["post-44103","post","type-post","status-publish","format-standard","has-post-thumbnail","hentry","category-asayis"],"_links":{"self":[{"href":"https:\/\/www.egemtv.com\/index.php?rest_route=\/wp\/v2\/posts\/44103","targetHints":{"allow":["GET"]}}],"collection":[{"href":"https:\/\/www.egemtv.com\/index.php?rest_route=\/wp\/v2\/posts"}],"about":[{"href":"https:\/\/www.egemtv.com\/index.php?rest_route=\/wp\/v2\/types\/post"}],"author":[{"embeddable":true,"href":"https:\/\/www.egemtv.com\/index.php?rest_route=\/wp\/v2\/users\/1"}],"replies":[{"embeddable":true,"href":"https:\/\/www.egemtv.com\/index.php?rest_route=%2Fwp%2Fv2%2Fcomments&post=44103"}],"version-history":[{"count":1,"href":"https:\/\/www.egemtv.com\/index.php?rest_route=\/wp\/v2\/posts\/44103\/revisions"}],"predecessor-version":[{"id":44105,"href":"https:\/\/www.egemtv.com\/index.php?rest_route=\/wp\/v2\/posts\/44103\/revisions\/44105"}],"wp:featuredmedia":[{"embeddable":true,"href":"https:\/\/www.egemtv.com\/index.php?rest_route=\/wp\/v2\/media\/44104"}],"wp:attachment":[{"href":"https:\/\/www.egemtv.com\/index.php?rest_route=%2Fwp%2Fv2%2Fmedia&parent=44103"}],"wp:term":[{"taxonomy":"category","embeddable":true,"href":"https:\/\/www.egemtv.com\/index.php?rest_route=%2Fwp%2Fv2%2Fcategories&post=44103"},{"taxonomy":"post_tag","embeddable":true,"href":"https:\/\/www.egemtv.com\/index.php?rest_route=%2Fwp%2Fv2%2Ftags&post=44103"}],"curies":[{"name":"wp","href":"https:\/\/api.w.org\/{rel}","templated":true}]}}