{"id":44100,"date":"2025-07-23T20:34:54","date_gmt":"2025-07-23T17:34:54","guid":{"rendered":"https:\/\/www.egemtv.com\/?p=44100"},"modified":"2025-07-23T20:34:55","modified_gmt":"2025-07-23T17:34:55","slug":"isparta-32-spor-orta-sahayi-guclendirdi","status":"publish","type":"post","link":"https:\/\/www.egemtv.com\/?p=44100","title":{"rendered":"Isparta 32 Spor, orta sahay\u0131 g\u00fc\u00e7lendirdi"},"content":{"rendered":"<p>TFF 2. Lig ekiplerinden Isparta 32 Spor, transfer \u00e7al\u0131\u015fmalar\u0131n\u0131 s\u00fcrd\u00fcr\u00fcyor. Kul\u00fcp, orta saha hatt\u0131n\u0131 g\u00fc\u00e7lendirmek amac\u0131yla deneyimli futbolcu Alperen Pak ile anla\u015fma sa\u011flad\u0131.<br \/>\n<br \/>29 ya\u015f\u0131ndaki Alperen Pak, futbol kariyerine Samsunspor altyap\u0131s\u0131nda ba\u015flad\u0131. Profesyonel kariyerinde ise G\u00fcm\u00fc\u015fhanespor, Tokatspor, Ke\u00e7i\u00f6reng\u00fcc\u00fc, Sivas Belediyespor, Tarsus \u0130dman Yurdu, \u0130neg\u00f6lspor, Belediye Derincespor ve son olarak Arnavutk\u00f6y Belediyespor formalar\u0131n\u0131 terletti.<br \/>\n<br \/>Alperen Pak\u2019\u0131n imza t\u00f6reninde 2. Ba\u015fkan Mehmet \u00c7etinli de haz\u0131r bulundu.<br \/><\/p>\n","protected":false},"excerpt":{"rendered":"<p>TFF 2. Lig ekiplerinden Isparta 32 Spor, transfer \u00e7al\u0131\u015fmalar\u0131n\u0131 s\u00fcrd\u00fcr\u00fcyor. Kul\u00fcp, orta saha hatt\u0131n\u0131 g\u00fc\u00e7lendirmek amac\u0131yla deneyimli futbolcu Alperen Pak ile anla\u015fma sa\u011flad\u0131. 29 ya\u015f\u0131ndaki Alperen Pak, futbol kariyerine Samsunspor altyap\u0131s\u0131nda ba\u015flad\u0131. Profesyonel kariyerinde ise G\u00fcm\u00fc\u015fhanespor, Tokatspor, Ke\u00e7i\u00f6reng\u00fcc\u00fc, Sivas Belediyespor, Tarsus \u0130dman Yurdu, \u0130neg\u00f6lspor, Belediye Derincespor ve son olarak Arnavutk\u00f6y Belediyespor formalar\u0131n\u0131 terletti. Alperen Pak\u2019\u0131n&#8230;<\/p>\n","protected":false},"author":1,"featured_media":44101,"comment_status":"open","ping_status":"open","sticky":false,"template":"","format":"standard","meta":{"_crdt_document":"","footnotes":""},"categories":[4],"tags":[],"class_list":["post-44100","post","type-post","status-publish","format-standard","has-post-thumbnail","hentry","category-spor"],"_links":{"self":[{"href":"https:\/\/www.egemtv.com\/index.php?rest_route=\/wp\/v2\/posts\/44100","targetHints":{"allow":["GET"]}}],"collection":[{"href":"https:\/\/www.egemtv.com\/index.php?rest_route=\/wp\/v2\/posts"}],"about":[{"href":"https:\/\/www.egemtv.com\/index.php?rest_route=\/wp\/v2\/types\/post"}],"author":[{"embeddable":true,"href":"https:\/\/www.egemtv.com\/index.php?rest_route=\/wp\/v2\/users\/1"}],"replies":[{"embeddable":true,"href":"https:\/\/www.egemtv.com\/index.php?rest_route=%2Fwp%2Fv2%2Fcomments&post=44100"}],"version-history":[{"count":1,"href":"https:\/\/www.egemtv.com\/index.php?rest_route=\/wp\/v2\/posts\/44100\/revisions"}],"predecessor-version":[{"id":44102,"href":"https:\/\/www.egemtv.com\/index.php?rest_route=\/wp\/v2\/posts\/44100\/revisions\/44102"}],"wp:featuredmedia":[{"embeddable":true,"href":"https:\/\/www.egemtv.com\/index.php?rest_route=\/wp\/v2\/media\/44101"}],"wp:attachment":[{"href":"https:\/\/www.egemtv.com\/index.php?rest_route=%2Fwp%2Fv2%2Fmedia&parent=44100"}],"wp:term":[{"taxonomy":"category","embeddable":true,"href":"https:\/\/www.egemtv.com\/index.php?rest_route=%2Fwp%2Fv2%2Fcategories&post=44100"},{"taxonomy":"post_tag","embeddable":true,"href":"https:\/\/www.egemtv.com\/index.php?rest_route=%2Fwp%2Fv2%2Ftags&post=44100"}],"curies":[{"name":"wp","href":"https:\/\/api.w.org\/{rel}","templated":true}]}}