{"id":44097,"date":"2025-07-23T20:15:59","date_gmt":"2025-07-23T17:15:59","guid":{"rendered":"https:\/\/www.egemtv.com\/?p=44097"},"modified":"2025-07-23T20:15:59","modified_gmt":"2025-07-23T17:15:59","slug":"ak-parti-aydin-milletvekili-saribas-gazetecilerimiz-halkimizin-sesi-olmustur","status":"publish","type":"post","link":"https:\/\/www.egemtv.com\/?p=44097","title":{"rendered":"AK Parti Ayd\u0131n Milletvekili Sar\u0131ba\u015f: &#8220;Gazetecilerimiz halk\u0131m\u0131z\u0131n sesi olmu\u015ftur&#8221;"},"content":{"rendered":"<p>AK Parti Ayd\u0131n Milletvekili Ar-Ge ve E\u011fitim Ba\u015fkan Yard\u0131mc\u0131s\u0131 Seda Sar\u0131ba\u015f, 24 Temmuz Bas\u0131n Bayram\u0131 dolay\u0131s\u0131yla yay\u0131mlad\u0131\u011f\u0131 mesaj\u0131nda, &#8220;Ayd\u0131n\u2019da g\u00f6rev yapan gazetecilerimiz, \u015fehrimizin toplumsal, k\u00fclt\u00fcrel ve ekonomik geli\u015fimini takip ederek halk\u0131m\u0131z\u0131n sesi olmu\u015ftur&#8221; dedi.<br \/>\n<br \/>Milletvekili Sar\u0131ba\u015f mesaj\u0131nda, &#8220;24 Temmuz 1908 tarihi, T\u00fcrk bas\u0131n\u0131nda sans\u00fcr\u00fcn kald\u0131r\u0131ld\u0131\u011f\u0131 ve gazetelerin ilk kez \u00f6zg\u00fcrce yay\u0131mland\u0131\u011f\u0131 g\u00fcnd\u00fcr. Bu tarih, sadece gazeteciler i\u00e7in de\u011fil, halk\u0131m\u0131z\u0131n bilgiye ula\u015fma ve d\u00fc\u015f\u00fcncelerini \u00f6zg\u00fcrce payla\u015fma hakk\u0131 a\u00e7\u0131s\u0131ndan da bir d\u00f6n\u00fcm noktas\u0131d\u0131r. O g\u00fcnden bug\u00fcne bas\u0131n, demokrasimizin geli\u015fmesinde ve toplumun ortak sesini yans\u0131tmas\u0131nda hayati bir rol \u00fcstlenmi\u015ftir. Gerek ulusal gerekse yerel \u00f6l\u00e7ekte, g\u00f6revini meslek ilkelerine uygun \u015fekilde s\u00fcrd\u00fcren t\u00fcm bas\u0131n mensuplar\u0131m\u0131z, halkla devlet aras\u0131nda k\u00f6pr\u00fc olmu\u015f, milletin meselelerini g\u00fcndeme ta\u015f\u0131yarak kamuoyunun olu\u015fmas\u0131na katk\u0131 sa\u011flam\u0131\u015ft\u0131r. \u00d6zellikle Ayd\u0131n\u2019da g\u00f6rev yapan gazetecilerimiz, \u015fehrimizin toplumsal, k\u00fclt\u00fcrel ve ekonomik geli\u015fimini takip ederek halk\u0131m\u0131z\u0131n sesi olmu\u015ftur. Onlar\u0131n eme\u011fi ve \u00f6zverisi her t\u00fcrl\u00fc takdiri hak etmektedir. Kalemini halk\u0131n yarar\u0131na kullanan, meslek ahlak\u0131n\u0131 \u00f6nceleyen ve g\u00f6revini b\u00fcy\u00fck bir fedak\u00e2rl\u0131kla s\u00fcrd\u00fcren t\u00fcm bas\u0131n mensuplar\u0131m\u0131za \u015f\u00fckranlar\u0131m\u0131 sunuyorum. Mesleklerini ifa ederken hayat\u0131n\u0131 kaybeden gazetecilerimizi rahmetle an\u0131yorum. Bu anlaml\u0131 g\u00fcn vesilesiyle, ba\u015fta Ayd\u0131n\u2019daki de\u011ferli bas\u0131n mensuplar\u0131m\u0131z olmak \u00fczere, kamuoyunun do\u011fru ve tarafs\u0131z bilgiye ula\u015fmas\u0131 i\u00e7in \u00f6zveriyle g\u00f6rev yapan t\u00fcm bas\u0131n \u00e7al\u0131\u015fanlar\u0131n\u0131n 24 Temmuz Gazeteciler ve Bas\u0131n Bayram\u0131\u2019n\u0131 en i\u00e7ten dileklerimle kutluyor; sa\u011fl\u0131k, esenlik ve ba\u015far\u0131lar diliyorum&#8221; ifadelerine yer verdi.<br \/><\/p>\n","protected":false},"excerpt":{"rendered":"<p>AK Parti Ayd\u0131n Milletvekili Ar-Ge ve E\u011fitim Ba\u015fkan Yard\u0131mc\u0131s\u0131 Seda Sar\u0131ba\u015f, 24 Temmuz Bas\u0131n Bayram\u0131 dolay\u0131s\u0131yla yay\u0131mlad\u0131\u011f\u0131 mesaj\u0131nda, &#8220;Ayd\u0131n\u2019da g\u00f6rev yapan gazetecilerimiz, \u015fehrimizin toplumsal, k\u00fclt\u00fcrel ve ekonomik geli\u015fimini takip ederek halk\u0131m\u0131z\u0131n sesi olmu\u015ftur&#8221; dedi. Milletvekili Sar\u0131ba\u015f mesaj\u0131nda, &#8220;24 Temmuz 1908 tarihi, T\u00fcrk bas\u0131n\u0131nda sans\u00fcr\u00fcn kald\u0131r\u0131ld\u0131\u011f\u0131 ve gazetelerin ilk kez \u00f6zg\u00fcrce yay\u0131mland\u0131\u011f\u0131 g\u00fcnd\u00fcr. Bu tarih, sadece&#8230;<\/p>\n","protected":false},"author":1,"featured_media":44098,"comment_status":"open","ping_status":"open","sticky":false,"template":"","format":"standard","meta":{"_crdt_document":"","footnotes":""},"categories":[1],"tags":[],"class_list":["post-44097","post","type-post","status-publish","format-standard","has-post-thumbnail","hentry","category-guncel"],"_links":{"self":[{"href":"https:\/\/www.egemtv.com\/index.php?rest_route=\/wp\/v2\/posts\/44097","targetHints":{"allow":["GET"]}}],"collection":[{"href":"https:\/\/www.egemtv.com\/index.php?rest_route=\/wp\/v2\/posts"}],"about":[{"href":"https:\/\/www.egemtv.com\/index.php?rest_route=\/wp\/v2\/types\/post"}],"author":[{"embeddable":true,"href":"https:\/\/www.egemtv.com\/index.php?rest_route=\/wp\/v2\/users\/1"}],"replies":[{"embeddable":true,"href":"https:\/\/www.egemtv.com\/index.php?rest_route=%2Fwp%2Fv2%2Fcomments&post=44097"}],"version-history":[{"count":1,"href":"https:\/\/www.egemtv.com\/index.php?rest_route=\/wp\/v2\/posts\/44097\/revisions"}],"predecessor-version":[{"id":44099,"href":"https:\/\/www.egemtv.com\/index.php?rest_route=\/wp\/v2\/posts\/44097\/revisions\/44099"}],"wp:featuredmedia":[{"embeddable":true,"href":"https:\/\/www.egemtv.com\/index.php?rest_route=\/wp\/v2\/media\/44098"}],"wp:attachment":[{"href":"https:\/\/www.egemtv.com\/index.php?rest_route=%2Fwp%2Fv2%2Fmedia&parent=44097"}],"wp:term":[{"taxonomy":"category","embeddable":true,"href":"https:\/\/www.egemtv.com\/index.php?rest_route=%2Fwp%2Fv2%2Fcategories&post=44097"},{"taxonomy":"post_tag","embeddable":true,"href":"https:\/\/www.egemtv.com\/index.php?rest_route=%2Fwp%2Fv2%2Ftags&post=44097"}],"curies":[{"name":"wp","href":"https:\/\/api.w.org\/{rel}","templated":true}]}}